{"id":28297,"date":"2014-09-04T15:23:26","date_gmt":"2014-09-04T18:23:26","guid":{"rendered":"http:\/\/cordobatimes.com\/showup\/?p=28297"},"modified":"2020-01-29T21:06:57","modified_gmt":"2020-01-30T00:06:57","slug":"los-premios-gardel-no-se-suspenden-por-la-muerte-de-gustavo-cerati","status":"publish","type":"post","link":"https:\/\/www.cordobatimes.com\/showup\/musica\/2014\/09\/04\/los-premios-gardel-no-se-suspenden-por-la-muerte-de-gustavo-cerati\/","title":{"rendered":"Los Premios Gardel no se suspenden por la muerte de Gustavo Cerati"},"content":{"rendered":"<h3 style=\"text-align: justify;\"><strong>A trav\u00e9s de un comunicado, CAPIF inform\u00f3 que la ceremonia de entrega de los premios no se suspender\u00e1, pese a la muerte del ex Soda Stereo.<\/strong><\/h3>\n<p style=\"text-align: justify;\">El texto, enviado por mail a los medios, detalla que como \u201chomenaje\u201d al m\u00fasico, la premiaci\u00f3n de la industria local se llevar\u00e1 a cabo tal como estaba previsto, en el Teatro Gran Rex.<\/p>\n<p style=\"text-align: justify;\">\u201cCAPIF, en representaci\u00f3n de los sellos discogr\u00e1ficos de Argentina, lamenta profundamente el fallecimiento de Gustavo Cerati e informa que, como homenaje a quien fuera uno de los m\u00e1s grandes m\u00fasicos de Argentina, la ceremonia de los Premios Gardel se llevar\u00e1 a cabo tal lo previsto hoy a las 20 hs en el Teatro Gran Rex\u201d, inform\u00f3 la entidad.<\/p>\n<p style=\"text-align: justify;\">Recordemos que Gustavo Cerati falleci\u00f3 esta ma\u00f1ana de un paro cardiorrespiratorio en la Cl\u00ednica Alcla, donde permanec\u00eda internado tras sufrir un ACV el 15 de mayo de 2010.<\/p>\n","protected":false},"excerpt":{"rendered":"<p>A trav\u00e9s de un comunicado, CAPIF inform\u00f3 que la ceremonia de entrega de los premios no se suspender\u00e1, pese a la muerte del ex Soda Stereo. El texto, enviado por mail a los medios, detalla que como \u201chomenaje\u201d al m\u00fasico, la premiaci\u00f3n de la industria local se llevar\u00e1 a cabo tal como estaba previsto, en [&hellip;]<\/p>\n","protected":false},"author":9,"featured_media":28298,"comment_status":"closed","ping_status":"closed","sticky":false,"template":"","format":"standard","meta":{"_seopress_robots_primary_cat":"","_seopress_titles_title":"","_seopress_titles_desc":"","_seopress_robots_index":"","footnotes":""},"categories":[5],"tags":[18899,9092],"class_list":{"0":"post-28297","1":"post","2":"type-post","3":"status-publish","4":"format-standard","5":"has-post-thumbnail","7":"category-musica","8":"tag-muerte-de-gustavo-cerati","9":"tag-premios-gardel-2014"},"_links":{"self":[{"href":"https:\/\/www.cordobatimes.com\/showup\/wp-json\/wp\/v2\/posts\/28297","targetHints":{"allow":["GET"]}}],"collection":[{"href":"https:\/\/www.cordobatimes.com\/showup\/wp-json\/wp\/v2\/posts"}],"about":[{"href":"https:\/\/www.cordobatimes.com\/showup\/wp-json\/wp\/v2\/types\/post"}],"author":[{"embeddable":true,"href":"https:\/\/www.cordobatimes.com\/showup\/wp-json\/wp\/v2\/users\/9"}],"replies":[{"embeddable":true,"href":"https:\/\/www.cordobatimes.com\/showup\/wp-json\/wp\/v2\/comments?post=28297"}],"version-history":[{"count":0,"href":"https:\/\/www.cordobatimes.com\/showup\/wp-json\/wp\/v2\/posts\/28297\/revisions"}],"wp:featuredmedia":[{"embeddable":true,"href":"https:\/\/www.cordobatimes.com\/showup\/wp-json\/wp\/v2\/media\/28298"}],"wp:attachment":[{"href":"https:\/\/www.cordobatimes.com\/showup\/wp-json\/wp\/v2\/media?parent=28297"}],"wp:term":[{"taxonomy":"category","embeddable":true,"href":"https:\/\/www.cordobatimes.com\/showup\/wp-json\/wp\/v2\/categories?post=28297"},{"taxonomy":"post_tag","embeddable":true,"href":"https:\/\/www.cordobatimes.com\/showup\/wp-json\/wp\/v2\/tags?post=28297"}],"curies":[{"name":"wp","href":"https:\/\/api.w.org\/{rel}","templated":true}]}}