{"id":28284,"date":"2014-09-04T14:38:57","date_gmt":"2014-09-04T17:38:57","guid":{"rendered":"http:\/\/cordobatimes.com\/showup\/?p=28284"},"modified":"2020-01-29T21:12:41","modified_gmt":"2020-01-30T00:12:41","slug":"astro-del-rock-nacional-gustavo-cerati-video","status":"publish","type":"post","link":"https:\/\/www.cordobatimes.com\/showup\/musica\/2014\/09\/04\/astro-del-rock-nacional-gustavo-cerati-video\/","title":{"rendered":"Astro del rock nacional: Gustavo Cerati (Video)"},"content":{"rendered":"<h3 style=\"text-align: justify;\"><strong>El ex vocalista de Soda Stereo falleci\u00f3 a los 55 a\u00f1os producto de un ACV que lo tuvo en coma sus \u00faltimos cuatro a\u00f1os y medio de vida<\/strong><\/h3>\n<p style=\"text-align: justify;\">Gustavo sufri\u00f3 el 15 de mayo de 2010 un accidente cerebrovascular isqu\u00e9mico y se encontraba en estado de coma.<\/p>\n<p style=\"text-align: justify;\">Tras conocerse la noticia del fallecimiento de Gustavo Cerati, la Cl\u00ednica ALCLA emiti\u00f3 un comunicado oficial:<\/p>\n<blockquote><p>En el d\u00eda de la fecha lamentamos compartir con ustedes esta informaci\u00f3n:<\/p>\n<p>\u00abComunicamos que hoy en horas de la ma\u00f1ana falleci\u00f3 el paciente Gustavo Cerati como consecuencia de un paro respiratorio\u00bb.<\/p>\n<p>Dr. Gustavo Barbalace<br \/>\nDirector M\u00e9dico de la Cl\u00ednica ALCLA<\/p>\n<p>Despediremos a Gustavo a partir de las 21hs. en la Legislatura Porte\u00f1a, Julio Argentino Roca 595, Ciudad Aut\u00f3noma de Buenos Aires.<\/p>\n<p>Les agradecemos el respeto y la consideraci\u00f3n conque siempre acompa\u00f1an a nuestra familia.<\/p>\n<p>Familia Cerati.<\/p><\/blockquote>\n<p style=\"text-align: justify;\">Nosotros, desde Show Up queremos brindarle nuestro homenaje a este grande de la m\u00fasica que nos represent\u00f3 a nivel mundial y nos deleit\u00f3 con sus letras una y otra vez.<\/p>\n<p style=\"text-align: justify;\">Te dejamos un compilado de las grandes canciones de Gus a quien los d\u00edas y las noches se le parec\u00edan demasiado.<\/p>\n<p style=\"text-align: justify;\">Hasta siempre Genio.<\/p>\n<p><iframe loading=\"lazy\" src=\"\/\/www.youtube.com\/embed\/uLIs0j2WnlM?list=PLAAE4D9DC15A1172B\" width=\"560\" height=\"315\" frameborder=\"0\" allowfullscreen=\"allowfullscreen\"><\/iframe><\/p>\n","protected":false},"excerpt":{"rendered":"<p>El ex vocalista de Soda Stereo falleci\u00f3 a los 55 a\u00f1os producto de un ACV que lo tuvo en coma sus \u00faltimos cuatro a\u00f1os y medio de vida Gustavo sufri\u00f3 el 15 de mayo de 2010 un accidente cerebrovascular isqu\u00e9mico y se encontraba en estado de coma. Tras conocerse la noticia del fallecimiento de Gustavo [&hellip;]<\/p>\n","protected":false},"author":9,"featured_media":28289,"comment_status":"closed","ping_status":"closed","sticky":false,"template":"","format":"standard","meta":{"_seopress_robots_primary_cat":"","_seopress_titles_title":"","_seopress_titles_desc":"","_seopress_robots_index":"","footnotes":""},"categories":[5],"tags":[27836,29017,18899],"class_list":{"0":"post-28284","1":"post","2":"type-post","3":"status-publish","4":"format-standard","5":"has-post-thumbnail","7":"category-musica","8":"tag-accidente-cerebro-vascular-de-gustavo-cerati","9":"tag-ex-vocalista-de-soda-stereo","10":"tag-muerte-de-gustavo-cerati"},"_links":{"self":[{"href":"https:\/\/www.cordobatimes.com\/showup\/wp-json\/wp\/v2\/posts\/28284","targetHints":{"allow":["GET"]}}],"collection":[{"href":"https:\/\/www.cordobatimes.com\/showup\/wp-json\/wp\/v2\/posts"}],"about":[{"href":"https:\/\/www.cordobatimes.com\/showup\/wp-json\/wp\/v2\/types\/post"}],"author":[{"embeddable":true,"href":"https:\/\/www.cordobatimes.com\/showup\/wp-json\/wp\/v2\/users\/9"}],"replies":[{"embeddable":true,"href":"https:\/\/www.cordobatimes.com\/showup\/wp-json\/wp\/v2\/comments?post=28284"}],"version-history":[{"count":0,"href":"https:\/\/www.cordobatimes.com\/showup\/wp-json\/wp\/v2\/posts\/28284\/revisions"}],"wp:featuredmedia":[{"embeddable":true,"href":"https:\/\/www.cordobatimes.com\/showup\/wp-json\/wp\/v2\/media\/28289"}],"wp:attachment":[{"href":"https:\/\/www.cordobatimes.com\/showup\/wp-json\/wp\/v2\/media?parent=28284"}],"wp:term":[{"taxonomy":"category","embeddable":true,"href":"https:\/\/www.cordobatimes.com\/showup\/wp-json\/wp\/v2\/categories?post=28284"},{"taxonomy":"post_tag","embeddable":true,"href":"https:\/\/www.cordobatimes.com\/showup\/wp-json\/wp\/v2\/tags?post=28284"}],"curies":[{"name":"wp","href":"https:\/\/api.w.org\/{rel}","templated":true}]}}