{"id":28263,"date":"2014-09-04T13:56:57","date_gmt":"2014-09-04T16:56:57","guid":{"rendered":"http:\/\/cordobatimes.com\/showup\/?p=28263"},"modified":"2024-01-14T11:42:05","modified_gmt":"2024-01-14T14:42:05","slug":"poder-decir-adios-es-crecer-confirmaron-la-triste-noticia-murio-gustavo-cerati","status":"publish","type":"post","link":"https:\/\/www.cordobatimes.com\/showup\/musica\/2014\/09\/04\/poder-decir-adios-es-crecer-confirmaron-la-triste-noticia-murio-gustavo-cerati\/","title":{"rendered":"Poder decir adi\u00f3s es crecer: confirmaron la triste noticia, muri\u00f3 Gustavo Cerati"},"content":{"rendered":"<h3 style=\"text-align: justify;\"><strong>Despu\u00e9s de muchas versiones, los medios afirmaron que\u00a0\u00a0no se tratar\u00eda de un caso de \u00abmuerte virtual\u00bb.\u00a0<\/strong><\/h3>\n<p style=\"text-align: justify;\">El m\u00fasico presentaba un \u00abextenso da\u00f1o cerebral en el hemisferio cerebral izquierdo, da\u00f1o del tronco cerebral secundario a hipertensi\u00f3n endocraneana\u00bb, seg\u00fan confirm\u00f3 la direcci\u00f3n del Instituto FLENI, donde estuvo internado desde su regreso de Venezuela.<\/p>\n<p style=\"text-align: justify;\">El 16 de mayo de 2010, cuando finalizaba un concierto en Caracas, Cerati se desvaneci\u00f3. Sus allegados pensaron que se trataba de un problema de presi\u00f3n, pero los m\u00e9dicos del sanatorio caraque\u00f1o La Trinidad informaron que hab\u00eda sufrido un infarto cerebral por obstrucci\u00f3n de la arteria car\u00f3tida interna izquierda.<\/p>\n<p style=\"text-align: justify;\">Un tiempo despu\u00e9s fue trasladado a otra cl\u00ednica de Belgrano, llamada ALCLA, donde permaneci\u00f3 en estado inconsciente, asistido por un respirador artificial, y recib\u00eda antibi\u00f3ticos por una infecci\u00f3n respiratoria que padec\u00eda y que se complic\u00f3 en los \u00faltimos d\u00edas.<\/p>\n<p style=\"text-align: justify;\">Sus restos ser\u00e1n velados en la Legislatura porte\u00f1a a partir de las 21 hs.<\/p>\n<p>Por su parte, su hijo Benito Cerati tambi\u00e9n lo confirm\u00f3.<\/p>\n<p>Dos grandes nos cantar\u00e1n desde el cielo.<\/p>\n<p>&nbsp;<\/p>\n<p>&nbsp;<\/p>\n","protected":false},"excerpt":{"rendered":"<p>Despu\u00e9s de muchas versiones, los medios afirmaron que\u00a0\u00a0no se tratar\u00eda de un caso de \u00abmuerte virtual\u00bb.\u00a0 El m\u00fasico presentaba un \u00abextenso da\u00f1o cerebral en el hemisferio cerebral izquierdo, da\u00f1o del tronco cerebral secundario a hipertensi\u00f3n endocraneana\u00bb, seg\u00fan confirm\u00f3 la direcci\u00f3n del Instituto FLENI, donde estuvo internado desde su regreso de Venezuela. El 16 de mayo [&hellip;]<\/p>\n","protected":false},"author":9,"featured_media":28275,"comment_status":"closed","ping_status":"closed","sticky":false,"template":"","format":"standard","meta":{"_seopress_robots_primary_cat":"","_seopress_titles_title":"","_seopress_titles_desc":"","_seopress_robots_index":"","footnotes":""},"categories":[5],"tags":[27836,18899],"class_list":{"0":"post-28263","1":"post","2":"type-post","3":"status-publish","4":"format-standard","5":"has-post-thumbnail","7":"category-musica","8":"tag-accidente-cerebro-vascular-de-gustavo-cerati","9":"tag-muerte-de-gustavo-cerati"},"_links":{"self":[{"href":"https:\/\/www.cordobatimes.com\/showup\/wp-json\/wp\/v2\/posts\/28263","targetHints":{"allow":["GET"]}}],"collection":[{"href":"https:\/\/www.cordobatimes.com\/showup\/wp-json\/wp\/v2\/posts"}],"about":[{"href":"https:\/\/www.cordobatimes.com\/showup\/wp-json\/wp\/v2\/types\/post"}],"author":[{"embeddable":true,"href":"https:\/\/www.cordobatimes.com\/showup\/wp-json\/wp\/v2\/users\/9"}],"replies":[{"embeddable":true,"href":"https:\/\/www.cordobatimes.com\/showup\/wp-json\/wp\/v2\/comments?post=28263"}],"version-history":[{"count":0,"href":"https:\/\/www.cordobatimes.com\/showup\/wp-json\/wp\/v2\/posts\/28263\/revisions"}],"wp:featuredmedia":[{"embeddable":true,"href":"https:\/\/www.cordobatimes.com\/showup\/wp-json\/wp\/v2\/media\/28275"}],"wp:attachment":[{"href":"https:\/\/www.cordobatimes.com\/showup\/wp-json\/wp\/v2\/media?parent=28263"}],"wp:term":[{"taxonomy":"category","embeddable":true,"href":"https:\/\/www.cordobatimes.com\/showup\/wp-json\/wp\/v2\/categories?post=28263"},{"taxonomy":"post_tag","embeddable":true,"href":"https:\/\/www.cordobatimes.com\/showup\/wp-json\/wp\/v2\/tags?post=28263"}],"curies":[{"name":"wp","href":"https:\/\/api.w.org\/{rel}","templated":true}]}}