{"id":28257,"date":"2014-09-04T13:34:00","date_gmt":"2014-09-04T16:34:00","guid":{"rendered":"http:\/\/cordobatimes.com\/showup\/?p=28257"},"modified":"2020-01-29T21:28:55","modified_gmt":"2020-01-30T00:28:55","slug":"habria-fallecido-gustavo-cerati","status":"publish","type":"post","link":"https:\/\/www.cordobatimes.com\/showup\/tv\/2014\/09\/04\/habria-fallecido-gustavo-cerati\/","title":{"rendered":"Falleci\u00f3 Gustavo Cerati"},"content":{"rendered":"<h3 style=\"text-align: justify;\"><strong>Su hijo Benito confirm\u00f3 la triste noticia. Muri\u00f3 a causa de un paro cardiorespiratorio, a los 55 a\u00f1os de edad. Estaba internado desde el a\u00f1o 2010.<\/strong><\/h3>\n<p style=\"text-align: justify;\">La primicia la dio Jorge Rial en Intrusos, quien en un principio no quiso asustar a sus seguidores por poder tratarse de un hecho m\u00e1s de \u00abmuerte virtual\u00bb.<\/p>\n<p style=\"text-align: justify;\">Sin embargo, luego de que varios medios lo dieran por hecho, lleg\u00f3 la confirmaci\u00f3n a trav\u00e9s de un comunicado oficial de la cl\u00ednica ALCLA, donde estaba internado desde el \u00a02010.<\/p>\n<p style=\"text-align: justify;\"><a href=\"http:\/\/cordobatimes.com\/showup\/wp-content\/uploads\/2014\/09\/comunicado_cerati.png\"><img loading=\"lazy\" decoding=\"async\" class=\"alignnone size-full wp-image-28291\" src=\"http:\/\/cordobatimes.com\/showup\/wp-content\/uploads\/2014\/09\/comunicado_cerati.png\" alt=\"comunicado_cerati\" width=\"622\" height=\"545\" data-id=\"28291\" srcset=\"https:\/\/www.cordobatimes.com\/showup\/wp-content\/uploads\/2014\/09\/comunicado_cerati.png 622w, https:\/\/www.cordobatimes.com\/showup\/wp-content\/uploads\/2014\/09\/comunicado_cerati-300x262.png 300w, https:\/\/www.cordobatimes.com\/showup\/wp-content\/uploads\/2014\/09\/comunicado_cerati-600x525.png 600w\" sizes=\"auto, (max-width: 622px) 100vw, 622px\" \/><\/a><\/p>\n<p style=\"text-align: justify;\">Por su parte, su hijo Benito lo confirm\u00f3 en su cuenta oficial de Twitter, al igual que\u00a0Pergolini, Tn, Telefe.<\/p>\n<p style=\"text-align: justify;\">La familia inform\u00f3 que velar\u00e1n sus restos en la Legislatura porte\u00f1a a las 21 horas.<\/p>\n","protected":false},"excerpt":{"rendered":"<p>Su hijo Benito confirm\u00f3 la triste noticia. Muri\u00f3 a causa de un paro cardiorespiratorio, a los 55 a\u00f1os de edad. Estaba internado desde el a\u00f1o 2010. La primicia la dio Jorge Rial en Intrusos, quien en un principio no quiso asustar a sus seguidores por poder tratarse de un hecho m\u00e1s de \u00abmuerte virtual\u00bb. Sin [&hellip;]<\/p>\n","protected":false},"author":9,"featured_media":28258,"comment_status":"closed","ping_status":"closed","sticky":false,"template":"","format":"standard","meta":{"_seopress_robots_primary_cat":"","_seopress_titles_title":"","_seopress_titles_desc":"","_seopress_robots_index":"","footnotes":""},"categories":[2],"tags":[18899],"class_list":{"0":"post-28257","1":"post","2":"type-post","3":"status-publish","4":"format-standard","5":"has-post-thumbnail","7":"category-tv","8":"tag-muerte-de-gustavo-cerati"},"_links":{"self":[{"href":"https:\/\/www.cordobatimes.com\/showup\/wp-json\/wp\/v2\/posts\/28257","targetHints":{"allow":["GET"]}}],"collection":[{"href":"https:\/\/www.cordobatimes.com\/showup\/wp-json\/wp\/v2\/posts"}],"about":[{"href":"https:\/\/www.cordobatimes.com\/showup\/wp-json\/wp\/v2\/types\/post"}],"author":[{"embeddable":true,"href":"https:\/\/www.cordobatimes.com\/showup\/wp-json\/wp\/v2\/users\/9"}],"replies":[{"embeddable":true,"href":"https:\/\/www.cordobatimes.com\/showup\/wp-json\/wp\/v2\/comments?post=28257"}],"version-history":[{"count":0,"href":"https:\/\/www.cordobatimes.com\/showup\/wp-json\/wp\/v2\/posts\/28257\/revisions"}],"wp:featuredmedia":[{"embeddable":true,"href":"https:\/\/www.cordobatimes.com\/showup\/wp-json\/wp\/v2\/media\/28258"}],"wp:attachment":[{"href":"https:\/\/www.cordobatimes.com\/showup\/wp-json\/wp\/v2\/media?parent=28257"}],"wp:term":[{"taxonomy":"category","embeddable":true,"href":"https:\/\/www.cordobatimes.com\/showup\/wp-json\/wp\/v2\/categories?post=28257"},{"taxonomy":"post_tag","embeddable":true,"href":"https:\/\/www.cordobatimes.com\/showup\/wp-json\/wp\/v2\/tags?post=28257"}],"curies":[{"name":"wp","href":"https:\/\/api.w.org\/{rel}","templated":true}]}}