{"id":28182,"date":"2014-09-02T16:18:45","date_gmt":"2014-09-02T19:18:45","guid":{"rendered":"http:\/\/cordobatimes.com\/showup\/?p=28182"},"modified":"2020-01-29T21:40:04","modified_gmt":"2020-01-30T00:40:04","slug":"juan-darthes-estreno-el-video-de-ahora","status":"publish","type":"post","link":"https:\/\/www.cordobatimes.com\/showup\/musica\/2014\/09\/02\/juan-darthes-estreno-el-video-de-ahora\/","title":{"rendered":"Juan Darth\u00e9s estren\u00f3 el video de \u00abAhora\u00bb"},"content":{"rendered":"<h3 style=\"text-align: justify;\"><strong>El actor present\u00f3 el \u00a0primer single extra\u00eddo de su nuevo disco titulado igual que el tema difusi\u00f3n.<\/strong><\/h3>\n<p style=\"text-align: justify;\">\u201cAhora\u201d es una balada rom\u00e1ntica in\u00e9dita que el artista eligi\u00f3 como carta de presentaci\u00f3n para este nuevo proyecto que cont\u00f3 con la direcci\u00f3n art\u00edstica de dos grandes de la industria musical, Sebasti\u00e1n Mellino y Luis Darta Sarmiento, y que ver\u00e1 la luz el pr\u00f3ximo 24 de septiembre.<\/p>\n<p style=\"text-align: justify;\">El video clip fue grabado en el majestuoso Palacio San Souci, en la localidad de San Fernando, bajo las \u00f3rdenes de Estudio Diego Capra y cont\u00f3 con la presencia de nada m\u00e1s y nada menos que la actriz Sol Estevanez. \u201cSol es un encanto de persona y fue la mejor elecci\u00f3n que pudo haber para interpretar al personaje femenino del video\u201d, cuenta el m\u00fasico y actor.<\/p>\n<p style=\"text-align: justify;\">Darth\u00e9s hab\u00eda lanzado una encuesta a trav\u00e9s de sus Redes Sociales y fue el mismo p\u00fablico quien eligi\u00f3 a Sol como contra figura para su video clip.<\/p>\n<p style=\"text-align: justify;\">Es que los actores, adem\u00e1s de ser grandes amigos, comparten todas las noches las escenas en la tira \u201cCamino al Amor\u201d donde generan desde la pantalla chica una qu\u00edmica perfecta, y que podr\u00e1 verse tambi\u00e9n plasmada en las im\u00e1genes del clip \u201cAhora\u201d.<\/p>\n<p><iframe loading=\"lazy\" src=\"\/\/www.youtube.com\/embed\/-RVrzC-CJgQ\" width=\"560\" height=\"315\" frameborder=\"0\" allowfullscreen=\"allowfullscreen\"><\/iframe><\/p>\n","protected":false},"excerpt":{"rendered":"<p>El actor present\u00f3 el \u00a0primer single extra\u00eddo de su nuevo disco titulado igual que el tema difusi\u00f3n. \u201cAhora\u201d es una balada rom\u00e1ntica in\u00e9dita que el artista eligi\u00f3 como carta de presentaci\u00f3n para este nuevo proyecto que cont\u00f3 con la direcci\u00f3n art\u00edstica de dos grandes de la industria musical, Sebasti\u00e1n Mellino y Luis Darta Sarmiento, y [&hellip;]<\/p>\n","protected":false},"author":9,"featured_media":28197,"comment_status":"closed","ping_status":"closed","sticky":false,"template":"","format":"standard","meta":{"_seopress_robots_primary_cat":"","_seopress_titles_title":"","_seopress_titles_desc":"","_seopress_robots_index":"","footnotes":""},"categories":[5],"tags":[29019],"class_list":{"0":"post-28182","1":"post","2":"type-post","3":"status-publish","4":"format-standard","5":"has-post-thumbnail","7":"category-musica","8":"tag-juan-darthes-ahora"},"_links":{"self":[{"href":"https:\/\/www.cordobatimes.com\/showup\/wp-json\/wp\/v2\/posts\/28182","targetHints":{"allow":["GET"]}}],"collection":[{"href":"https:\/\/www.cordobatimes.com\/showup\/wp-json\/wp\/v2\/posts"}],"about":[{"href":"https:\/\/www.cordobatimes.com\/showup\/wp-json\/wp\/v2\/types\/post"}],"author":[{"embeddable":true,"href":"https:\/\/www.cordobatimes.com\/showup\/wp-json\/wp\/v2\/users\/9"}],"replies":[{"embeddable":true,"href":"https:\/\/www.cordobatimes.com\/showup\/wp-json\/wp\/v2\/comments?post=28182"}],"version-history":[{"count":0,"href":"https:\/\/www.cordobatimes.com\/showup\/wp-json\/wp\/v2\/posts\/28182\/revisions"}],"wp:featuredmedia":[{"embeddable":true,"href":"https:\/\/www.cordobatimes.com\/showup\/wp-json\/wp\/v2\/media\/28197"}],"wp:attachment":[{"href":"https:\/\/www.cordobatimes.com\/showup\/wp-json\/wp\/v2\/media?parent=28182"}],"wp:term":[{"taxonomy":"category","embeddable":true,"href":"https:\/\/www.cordobatimes.com\/showup\/wp-json\/wp\/v2\/categories?post=28182"},{"taxonomy":"post_tag","embeddable":true,"href":"https:\/\/www.cordobatimes.com\/showup\/wp-json\/wp\/v2\/tags?post=28182"}],"curies":[{"name":"wp","href":"https:\/\/api.w.org\/{rel}","templated":true}]}}