{"id":28111,"date":"2014-09-01T15:04:46","date_gmt":"2014-09-01T18:04:46","guid":{"rendered":"http:\/\/cordobatimes.com\/showup\/?p=28111"},"modified":"2020-01-30T08:46:17","modified_gmt":"2020-01-30T11:46:17","slug":"nancy-duplaa-y-pablo-echarri-vuelven-a-hacer-ficcion-juntos","status":"publish","type":"post","link":"https:\/\/www.cordobatimes.com\/showup\/tv\/2014\/09\/01\/nancy-duplaa-y-pablo-echarri-vuelven-a-hacer-ficcion-juntos\/","title":{"rendered":"Nancy Dupl\u00e1a y Pablo Echarri vuelven a hacer ficci\u00f3n juntos"},"content":{"rendered":"<h3 style=\"text-align: justify;\"><strong>La pareja hace a\u00f1os que no se muestran en la misma tira, s\u00f3lo en Graduados pudimos ver un poco cuando \u00e9l tuvo una participaci\u00f3n especial.<\/strong><\/h3>\n<p style=\"text-align: justify;\">Nancy Dupl\u00e1a y Pablo Echarri tienen asegurada la pantalla de Telefe para el pr\u00f3ximo a\u00f1o, por lo menos as\u00ed lo confirm\u00f3 Tom\u00e1s Yankelevich.<\/p>\n<p style=\"text-align: justify;\">Seg\u00fan compartieron varios portales, ya se est\u00e1 trabajando en la historia que seguramente ser\u00e1 atrapante.<\/p>\n<p style=\"text-align: justify;\">Esta ser\u00e1 la segunda vez que comparten cr\u00e9ditos como la pareja estelar de una ficci\u00f3n, siendo en \u00abLos buscas de siempre\u00bb (2000) el a\u00f1o en que se conocieron y entablaron una relaci\u00f3n sentimental.<\/p>\n","protected":false},"excerpt":{"rendered":"<p>La pareja hace a\u00f1os que no se muestran en la misma tira, s\u00f3lo en Graduados pudimos ver un poco cuando \u00e9l tuvo una participaci\u00f3n especial. Nancy Dupl\u00e1a y Pablo Echarri tienen asegurada la pantalla de Telefe para el pr\u00f3ximo a\u00f1o, por lo menos as\u00ed lo confirm\u00f3 Tom\u00e1s Yankelevich. Seg\u00fan compartieron varios portales, ya se est\u00e1 [&hellip;]<\/p>\n","protected":false},"author":9,"featured_media":28138,"comment_status":"closed","ping_status":"closed","sticky":false,"template":"","format":"standard","meta":{"_seopress_robots_primary_cat":"","_seopress_titles_title":"","_seopress_titles_desc":"","_seopress_robots_index":"","footnotes":""},"categories":[2],"tags":[29023,29024],"class_list":{"0":"post-28111","1":"post","2":"type-post","3":"status-publish","4":"format-standard","5":"has-post-thumbnail","7":"category-tv","8":"tag-nancy-duplaa-y-pablo-echarri","9":"tag-nancy-duplaa-y-pablo-echarri-la-leona"},"_links":{"self":[{"href":"https:\/\/www.cordobatimes.com\/showup\/wp-json\/wp\/v2\/posts\/28111","targetHints":{"allow":["GET"]}}],"collection":[{"href":"https:\/\/www.cordobatimes.com\/showup\/wp-json\/wp\/v2\/posts"}],"about":[{"href":"https:\/\/www.cordobatimes.com\/showup\/wp-json\/wp\/v2\/types\/post"}],"author":[{"embeddable":true,"href":"https:\/\/www.cordobatimes.com\/showup\/wp-json\/wp\/v2\/users\/9"}],"replies":[{"embeddable":true,"href":"https:\/\/www.cordobatimes.com\/showup\/wp-json\/wp\/v2\/comments?post=28111"}],"version-history":[{"count":0,"href":"https:\/\/www.cordobatimes.com\/showup\/wp-json\/wp\/v2\/posts\/28111\/revisions"}],"wp:featuredmedia":[{"embeddable":true,"href":"https:\/\/www.cordobatimes.com\/showup\/wp-json\/wp\/v2\/media\/28138"}],"wp:attachment":[{"href":"https:\/\/www.cordobatimes.com\/showup\/wp-json\/wp\/v2\/media?parent=28111"}],"wp:term":[{"taxonomy":"category","embeddable":true,"href":"https:\/\/www.cordobatimes.com\/showup\/wp-json\/wp\/v2\/categories?post=28111"},{"taxonomy":"post_tag","embeddable":true,"href":"https:\/\/www.cordobatimes.com\/showup\/wp-json\/wp\/v2\/tags?post=28111"}],"curies":[{"name":"wp","href":"https:\/\/api.w.org\/{rel}","templated":true}]}}