{"id":28091,"date":"2014-08-31T17:33:51","date_gmt":"2014-08-31T20:33:51","guid":{"rendered":"http:\/\/cordobatimes.com\/showup\/?p=28091"},"modified":"2020-01-24T17:25:55","modified_gmt":"2020-01-24T20:25:55","slug":"las-insoladas-adelanto-su-estreno-con-divertido-video","status":"publish","type":"post","link":"https:\/\/www.cordobatimes.com\/showup\/cine-y-series\/2014\/08\/31\/las-insoladas-adelanto-su-estreno-con-divertido-video\/","title":{"rendered":"\u00abLas Insoladas\u00bb adelant\u00f3 su estreno con divertido video"},"content":{"rendered":"<h3 style=\"text-align: justify;\"><strong>El nuevo film de Gustavo Taretto \u00a0incluye en la campa\u00f1a de promoci\u00f3n de la pel\u00edcula divertidos videos de este grupo de actrices tras bambalinas.<\/strong><\/h3>\n<p style=\"text-align: justify;\">Carla Peterson, Marina Bellati, Elisa Carricajo, Maricel \u00c1lvarez y Violeta Urtizberea se suman al elenco para contar un encuentro entre amigas en pleno verano.<\/p>\n<p style=\"text-align: justify;\">En un video publicado en Youtube, se muestra una charla de las actrices en el primer ensayo.<\/p>\n<p style=\"text-align: justify;\">All\u00ed se ve una perlita de Lopilato preocupada porque pensaba que ten\u00eda que hacer una escena final bailando en pa\u00f1os menores. \u201c\u00bfTe hago una pregunta? \u00bfEl baile al final en la terraza va a ser en culos?\u201d, pregunta la actriz.<\/p>\n<p style=\"text-align: justify;\">\u201cNadie les va a mirar el culo, chicas\u201d, contesta Peterson y las actrices se suman al divertido di\u00e1logo. Quisi\u00e9ramos no develar el misterio, pero la respuesta ya est\u00e1 dicha: no, no habr\u00e1 baile en ropa interior.<\/p>\n<p><iframe loading=\"lazy\" src=\"\/\/www.youtube.com\/embed\/Ziq9oq5X3HM\" width=\"560\" height=\"315\" frameborder=\"0\" allowfullscreen=\"allowfullscreen\"><\/iframe><\/p>\n","protected":false},"excerpt":{"rendered":"<p>El nuevo film de Gustavo Taretto \u00a0incluye en la campa\u00f1a de promoci\u00f3n de la pel\u00edcula divertidos videos de este grupo de actrices tras bambalinas. Carla Peterson, Marina Bellati, Elisa Carricajo, Maricel \u00c1lvarez y Violeta Urtizberea se suman al elenco para contar un encuentro entre amigas en pleno verano. En un video publicado en Youtube, se [&hellip;]<\/p>\n","protected":false},"author":9,"featured_media":28093,"comment_status":"closed","ping_status":"closed","sticky":false,"template":"","format":"standard","meta":{"_seopress_robots_primary_cat":"","_seopress_titles_title":"","_seopress_titles_desc":"","_seopress_robots_index":"","footnotes":""},"categories":[3],"tags":[28653],"class_list":{"0":"post-28091","1":"post","2":"type-post","3":"status-publish","4":"format-standard","5":"has-post-thumbnail","7":"category-cine-y-series","8":"tag-adelanto-de-las-insoladas"},"_links":{"self":[{"href":"https:\/\/www.cordobatimes.com\/showup\/wp-json\/wp\/v2\/posts\/28091","targetHints":{"allow":["GET"]}}],"collection":[{"href":"https:\/\/www.cordobatimes.com\/showup\/wp-json\/wp\/v2\/posts"}],"about":[{"href":"https:\/\/www.cordobatimes.com\/showup\/wp-json\/wp\/v2\/types\/post"}],"author":[{"embeddable":true,"href":"https:\/\/www.cordobatimes.com\/showup\/wp-json\/wp\/v2\/users\/9"}],"replies":[{"embeddable":true,"href":"https:\/\/www.cordobatimes.com\/showup\/wp-json\/wp\/v2\/comments?post=28091"}],"version-history":[{"count":0,"href":"https:\/\/www.cordobatimes.com\/showup\/wp-json\/wp\/v2\/posts\/28091\/revisions"}],"wp:featuredmedia":[{"embeddable":true,"href":"https:\/\/www.cordobatimes.com\/showup\/wp-json\/wp\/v2\/media\/28093"}],"wp:attachment":[{"href":"https:\/\/www.cordobatimes.com\/showup\/wp-json\/wp\/v2\/media?parent=28091"}],"wp:term":[{"taxonomy":"category","embeddable":true,"href":"https:\/\/www.cordobatimes.com\/showup\/wp-json\/wp\/v2\/categories?post=28091"},{"taxonomy":"post_tag","embeddable":true,"href":"https:\/\/www.cordobatimes.com\/showup\/wp-json\/wp\/v2\/tags?post=28091"}],"curies":[{"name":"wp","href":"https:\/\/api.w.org\/{rel}","templated":true}]}}