{"id":28089,"date":"2014-08-31T18:02:30","date_gmt":"2014-08-31T21:02:30","guid":{"rendered":"http:\/\/cordobatimes.com\/showup\/?p=28089"},"modified":"2020-01-24T17:21:31","modified_gmt":"2020-01-24T20:21:31","slug":"hermosa-lali-esposito-sorprendio-vestida-con-estilo-gotico-fotos","status":"publish","type":"post","link":"https:\/\/www.cordobatimes.com\/showup\/famosos\/2014\/08\/31\/hermosa-lali-esposito-sorprendio-vestida-con-estilo-gotico-fotos\/","title":{"rendered":"\u00a1Hermosa! Lali Esp\u00f3sito sorprendi\u00f3 vestida con estilo g\u00f3tico (Fotos)"},"content":{"rendered":"<h3 style=\"text-align: justify;\"><strong>La actriz y cantante contin\u00faa su tour \u00abA bailar 2014\u00bb y buscar impactar a todos en el escenario con sus look y bailes muy sensuales. <\/strong><\/h3>\n<p style=\"text-align: justify;\">En este momento se encuentra realizando funciones en La Plata y sedujo a los espectadores con un estilo g\u00f3tico.<\/p>\n<p style=\"text-align: justify;\">La cantante teen fue quien comparti\u00f3 en su cuenta de Instagram un \u00e1lbum de fotos de su \u00faltima presentaci\u00f3n donde se la ve muy sexy bailando al ritmo de su m\u00fasica en el escenario.<\/p>\n<p style=\"text-align: justify;\">Sus seguidores admiraron a la bella cantante que cualquier estilo le queda bien.<\/p>\n<p style=\"text-align: justify;\">No te pierdas las fotos.<\/p>\n<p><iframe loading=\"lazy\" src=\"\/\/instagram.com\/p\/sVK6-vlDge\/embed\/\" width=\"612\" height=\"710\" frameborder=\"0\" scrolling=\"no\"><\/iframe><\/p>\n<p><iframe loading=\"lazy\" src=\"\/\/instagram.com\/p\/sVQS_sFDsM\/embed\/\" width=\"612\" height=\"710\" frameborder=\"0\" scrolling=\"no\"><\/iframe><\/p>\n<p><iframe loading=\"lazy\" src=\"\/\/instagram.com\/p\/sVQWFLFDsU\/embed\/\" width=\"612\" height=\"710\" frameborder=\"0\" scrolling=\"no\"><\/iframe><\/p>\n<p><iframe loading=\"lazy\" src=\"\/\/instagram.com\/p\/sVQnf7lDs_\/embed\/\" width=\"612\" height=\"710\" frameborder=\"0\" scrolling=\"no\"><\/iframe><\/p>\n<p><iframe loading=\"lazy\" src=\"\/\/instagram.com\/p\/sVUYzNlDli\/embed\/\" width=\"612\" height=\"710\" frameborder=\"0\" scrolling=\"no\"><\/iframe><\/p>\n<p><iframe loading=\"lazy\" src=\"\/\/instagram.com\/p\/sX66jrFDh6\/embed\/\" width=\"612\" height=\"710\" frameborder=\"0\" scrolling=\"no\"><\/iframe><\/p>\n","protected":false},"excerpt":{"rendered":"<p>La actriz y cantante contin\u00faa su tour \u00abA bailar 2014\u00bb y buscar impactar a todos en el escenario con sus look y bailes muy sensuales. En este momento se encuentra realizando funciones en La Plata y sedujo a los espectadores con un estilo g\u00f3tico. La cantante teen fue quien comparti\u00f3 en su cuenta de Instagram [&hellip;]<\/p>\n","protected":false},"author":9,"featured_media":28103,"comment_status":"closed","ping_status":"closed","sticky":false,"template":"","format":"standard","meta":{"_seopress_robots_primary_cat":"","_seopress_titles_title":"","_seopress_titles_desc":"","_seopress_robots_index":"","footnotes":""},"categories":[4],"tags":[28652],"class_list":{"0":"post-28089","1":"post","2":"type-post","3":"status-publish","4":"format-standard","5":"has-post-thumbnail","7":"category-famosos","8":"tag-lali-esposito-vestida-con-estilo-gotico"},"_links":{"self":[{"href":"https:\/\/www.cordobatimes.com\/showup\/wp-json\/wp\/v2\/posts\/28089","targetHints":{"allow":["GET"]}}],"collection":[{"href":"https:\/\/www.cordobatimes.com\/showup\/wp-json\/wp\/v2\/posts"}],"about":[{"href":"https:\/\/www.cordobatimes.com\/showup\/wp-json\/wp\/v2\/types\/post"}],"author":[{"embeddable":true,"href":"https:\/\/www.cordobatimes.com\/showup\/wp-json\/wp\/v2\/users\/9"}],"replies":[{"embeddable":true,"href":"https:\/\/www.cordobatimes.com\/showup\/wp-json\/wp\/v2\/comments?post=28089"}],"version-history":[{"count":0,"href":"https:\/\/www.cordobatimes.com\/showup\/wp-json\/wp\/v2\/posts\/28089\/revisions"}],"wp:featuredmedia":[{"embeddable":true,"href":"https:\/\/www.cordobatimes.com\/showup\/wp-json\/wp\/v2\/media\/28103"}],"wp:attachment":[{"href":"https:\/\/www.cordobatimes.com\/showup\/wp-json\/wp\/v2\/media?parent=28089"}],"wp:term":[{"taxonomy":"category","embeddable":true,"href":"https:\/\/www.cordobatimes.com\/showup\/wp-json\/wp\/v2\/categories?post=28089"},{"taxonomy":"post_tag","embeddable":true,"href":"https:\/\/www.cordobatimes.com\/showup\/wp-json\/wp\/v2\/tags?post=28089"}],"curies":[{"name":"wp","href":"https:\/\/api.w.org\/{rel}","templated":true}]}}