{"id":28061,"date":"2014-08-31T17:02:00","date_gmt":"2014-08-31T20:02:00","guid":{"rendered":"http:\/\/cordobatimes.com\/showup\/?p=28061"},"modified":"2020-01-24T21:29:18","modified_gmt":"2020-01-25T00:29:18","slug":"publicaron-la-primera-imagen-de-santiago-bal-luego-de-tres-meses-de-internacion-foto","status":"publish","type":"post","link":"https:\/\/www.cordobatimes.com\/showup\/famosos\/2014\/08\/31\/publicaron-la-primera-imagen-de-santiago-bal-luego-de-tres-meses-de-internacion-foto\/","title":{"rendered":"Publicaron la primera imagen de Santiago Bal luego de tres meses de internaci\u00f3n (Foto)"},"content":{"rendered":"<h3 style=\"text-align: justify;\"><strong>Federico Bal, a trav\u00e9s de su cuenta de Twitter, comparti\u00f3 una foto de \u00e9l y su pap\u00e1 muy emocionante.<\/strong><\/h3>\n<p style=\"text-align: justify;\">Despu\u00e9s de pasar tres meses internado en el Instituto M\u00e9dico de Alta Complejidad, Santiago Bal recibi\u00f3 el alta m\u00e9dica, parcial, ya que fue trasladado a un centro de rehabilitaci\u00f3n.<\/p>\n<p style=\"text-align: justify;\">Feliz con la noticia, Federico Bal, hijo del capoc\u00f3mico con Carmen Barbieri, comparti\u00f3 en Twitter una foto en la que se lo ve a Santiago Bal, recuper\u00e1ndose y sonriente, al recibir el beso de su hijo menor.<\/p>\n<p style=\"text-align: justify;\">Santiago Bal tuvo que superar un delicado cuadro respiratorio y un coma farmacol\u00f3gico. Al trascender el alta del IMAC,Mariano Bal, su hijo mayor, dio detalles de la evoluci\u00f3n de su padre. \u00abEst\u00e1 mejor de salud y an\u00edmicamente est\u00e1 bien, pero muy d\u00e9bil, m\u00e1s flaco. La idea es que est\u00e9 por unos d\u00edas en un centro de recuperaci\u00f3n hasta que se ponga m\u00e1s fuerte, pero preferimos resguardar el lugar en donde va a estar\u00bb, sostuvo Mariano.<\/p>\n<p style=\"text-align: justify;\">\u00abCuando le den el alta definitiva va ir a vivir al departamento que compr\u00f3 Carmen para que \u00e9l pueda estar c\u00f3modo\u00bb, finaliz\u00f3.<\/p>\n<p style=\"text-align: justify;\"><a href=\"http:\/\/cordobatimes.com\/showup\/wp-content\/uploads\/2014\/08\/bal.png\"><img loading=\"lazy\" decoding=\"async\" class=\"alignnone size-full wp-image-28082\" src=\"http:\/\/cordobatimes.com\/showup\/wp-content\/uploads\/2014\/08\/bal.png\" alt=\"bal\" width=\"626\" height=\"610\" data-id=\"28082\" srcset=\"https:\/\/www.cordobatimes.com\/showup\/wp-content\/uploads\/2014\/08\/bal.png 626w, https:\/\/www.cordobatimes.com\/showup\/wp-content\/uploads\/2014\/08\/bal-300x292.png 300w, https:\/\/www.cordobatimes.com\/showup\/wp-content\/uploads\/2014\/08\/bal-600x584.png 600w\" sizes=\"auto, (max-width: 626px) 100vw, 626px\" \/><\/a><\/p>\n","protected":false},"excerpt":{"rendered":"<p>Federico Bal, a trav\u00e9s de su cuenta de Twitter, comparti\u00f3 una foto de \u00e9l y su pap\u00e1 muy emocionante. Despu\u00e9s de pasar tres meses internado en el Instituto M\u00e9dico de Alta Complejidad, Santiago Bal recibi\u00f3 el alta m\u00e9dica, parcial, ya que fue trasladado a un centro de rehabilitaci\u00f3n. Feliz con la noticia, Federico Bal, hijo [&hellip;]<\/p>\n","protected":false},"author":9,"featured_media":28083,"comment_status":"closed","ping_status":"closed","sticky":false,"template":"","format":"standard","meta":{"_seopress_robots_primary_cat":"","_seopress_titles_title":"","_seopress_titles_desc":"","_seopress_robots_index":"","footnotes":""},"categories":[4],"tags":[28655,7793],"class_list":{"0":"post-28061","1":"post","2":"type-post","3":"status-publish","4":"format-standard","5":"has-post-thumbnail","7":"category-famosos","8":"tag-imagen-de-santiago-bal-luego-de-tres-meses-de-internacion","9":"tag-internaron-a-santiago-bal"},"_links":{"self":[{"href":"https:\/\/www.cordobatimes.com\/showup\/wp-json\/wp\/v2\/posts\/28061","targetHints":{"allow":["GET"]}}],"collection":[{"href":"https:\/\/www.cordobatimes.com\/showup\/wp-json\/wp\/v2\/posts"}],"about":[{"href":"https:\/\/www.cordobatimes.com\/showup\/wp-json\/wp\/v2\/types\/post"}],"author":[{"embeddable":true,"href":"https:\/\/www.cordobatimes.com\/showup\/wp-json\/wp\/v2\/users\/9"}],"replies":[{"embeddable":true,"href":"https:\/\/www.cordobatimes.com\/showup\/wp-json\/wp\/v2\/comments?post=28061"}],"version-history":[{"count":0,"href":"https:\/\/www.cordobatimes.com\/showup\/wp-json\/wp\/v2\/posts\/28061\/revisions"}],"wp:featuredmedia":[{"embeddable":true,"href":"https:\/\/www.cordobatimes.com\/showup\/wp-json\/wp\/v2\/media\/28083"}],"wp:attachment":[{"href":"https:\/\/www.cordobatimes.com\/showup\/wp-json\/wp\/v2\/media?parent=28061"}],"wp:term":[{"taxonomy":"category","embeddable":true,"href":"https:\/\/www.cordobatimes.com\/showup\/wp-json\/wp\/v2\/categories?post=28061"},{"taxonomy":"post_tag","embeddable":true,"href":"https:\/\/www.cordobatimes.com\/showup\/wp-json\/wp\/v2\/tags?post=28061"}],"curies":[{"name":"wp","href":"https:\/\/api.w.org\/{rel}","templated":true}]}}