{"id":28059,"date":"2014-08-31T16:34:52","date_gmt":"2014-08-31T19:34:52","guid":{"rendered":"http:\/\/cordobatimes.com\/showup\/?p=28059"},"modified":"2020-01-24T21:34:00","modified_gmt":"2020-01-25T00:34:00","slug":"tini-stoessel-ya-partio-a-italia-para-cantar-por-la-paz","status":"publish","type":"post","link":"https:\/\/www.cordobatimes.com\/showup\/famosos\/2014\/08\/31\/tini-stoessel-ya-partio-a-italia-para-cantar-por-la-paz\/","title":{"rendered":"Tini Stoessel ya parti\u00f3 a Italia para cantar por la paz"},"content":{"rendered":"<h3 style=\"text-align: justify;\"><strong>Martina viaj\u00f3 a Europa \u00a0donde este lunes estar\u00e1 cantando en el estadio Ol\u00edmpico de Roma en el Partido por la Paz que organiz\u00f3 el Papa Francisco.<\/strong><\/h3>\n<p style=\"text-align: justify;\">La protagonista de Violetta viaj\u00f3 junto a su familia y a su novio, el actor Peter Lanzani, para participar del evento que organiz\u00f3 el Sumo Pont\u00edfice en el que grandes figuras del f\u00fatbol mundial disputar\u00e1n un partido y la estrella teen dar\u00e1 un show por la Paz del mundo.<\/p>\n<p style=\"text-align: justify;\">La artista teen comparti\u00f3 con todos sus seguidores y fans en Twitter c\u00f3mo emprend\u00eda viaje hacia el viejo Continente.<\/p>\n<p style=\"text-align: justify;\">No te pierdas los tweets.<\/p>\n<p style=\"text-align: justify;\"><a href=\"http:\/\/cordobatimes.com\/showup\/wp-content\/uploads\/2014\/08\/tini1.png\"><img loading=\"lazy\" decoding=\"async\" class=\"alignnone size-full wp-image-28069\" src=\"http:\/\/cordobatimes.com\/showup\/wp-content\/uploads\/2014\/08\/tini1.png\" alt=\"tini1\" width=\"638\" height=\"160\" data-id=\"28069\" srcset=\"https:\/\/www.cordobatimes.com\/showup\/wp-content\/uploads\/2014\/08\/tini1.png 638w, https:\/\/www.cordobatimes.com\/showup\/wp-content\/uploads\/2014\/08\/tini1-300x75.png 300w, https:\/\/www.cordobatimes.com\/showup\/wp-content\/uploads\/2014\/08\/tini1-600x150.png 600w\" sizes=\"auto, (max-width: 638px) 100vw, 638px\" \/><\/a><\/p>\n<p style=\"text-align: justify;\"><a href=\"http:\/\/cordobatimes.com\/showup\/wp-content\/uploads\/2014\/08\/tini.png\"><img loading=\"lazy\" decoding=\"async\" class=\"alignnone size-full wp-image-28070\" src=\"http:\/\/cordobatimes.com\/showup\/wp-content\/uploads\/2014\/08\/tini.png\" alt=\"tini\" width=\"629\" height=\"667\" data-id=\"28070\" srcset=\"https:\/\/www.cordobatimes.com\/showup\/wp-content\/uploads\/2014\/08\/tini.png 629w, https:\/\/www.cordobatimes.com\/showup\/wp-content\/uploads\/2014\/08\/tini-282x300.png 282w, https:\/\/www.cordobatimes.com\/showup\/wp-content\/uploads\/2014\/08\/tini-565x600.png 565w\" sizes=\"auto, (max-width: 629px) 100vw, 629px\" \/><\/a><\/p>\n","protected":false},"excerpt":{"rendered":"<p>Martina viaj\u00f3 a Europa \u00a0donde este lunes estar\u00e1 cantando en el estadio Ol\u00edmpico de Roma en el Partido por la Paz que organiz\u00f3 el Papa Francisco. La protagonista de Violetta viaj\u00f3 junto a su familia y a su novio, el actor Peter Lanzani, para participar del evento que organiz\u00f3 el Sumo Pont\u00edfice en el que [&hellip;]<\/p>\n","protected":false},"author":9,"featured_media":28071,"comment_status":"closed","ping_status":"closed","sticky":false,"template":"","format":"standard","meta":{"_seopress_robots_primary_cat":"","_seopress_titles_title":"","_seopress_titles_desc":"","_seopress_robots_index":"","footnotes":""},"categories":[4],"tags":[28657,28656],"class_list":{"0":"post-28059","1":"post","2":"type-post","3":"status-publish","4":"format-standard","5":"has-post-thumbnail","7":"category-famosos","8":"tag-tini-stoessel-canta-por-la-paz","9":"tag-tini-stoessel-en-italia"},"_links":{"self":[{"href":"https:\/\/www.cordobatimes.com\/showup\/wp-json\/wp\/v2\/posts\/28059","targetHints":{"allow":["GET"]}}],"collection":[{"href":"https:\/\/www.cordobatimes.com\/showup\/wp-json\/wp\/v2\/posts"}],"about":[{"href":"https:\/\/www.cordobatimes.com\/showup\/wp-json\/wp\/v2\/types\/post"}],"author":[{"embeddable":true,"href":"https:\/\/www.cordobatimes.com\/showup\/wp-json\/wp\/v2\/users\/9"}],"replies":[{"embeddable":true,"href":"https:\/\/www.cordobatimes.com\/showup\/wp-json\/wp\/v2\/comments?post=28059"}],"version-history":[{"count":0,"href":"https:\/\/www.cordobatimes.com\/showup\/wp-json\/wp\/v2\/posts\/28059\/revisions"}],"wp:featuredmedia":[{"embeddable":true,"href":"https:\/\/www.cordobatimes.com\/showup\/wp-json\/wp\/v2\/media\/28071"}],"wp:attachment":[{"href":"https:\/\/www.cordobatimes.com\/showup\/wp-json\/wp\/v2\/media?parent=28059"}],"wp:term":[{"taxonomy":"category","embeddable":true,"href":"https:\/\/www.cordobatimes.com\/showup\/wp-json\/wp\/v2\/categories?post=28059"},{"taxonomy":"post_tag","embeddable":true,"href":"https:\/\/www.cordobatimes.com\/showup\/wp-json\/wp\/v2\/tags?post=28059"}],"curies":[{"name":"wp","href":"https:\/\/api.w.org\/{rel}","templated":true}]}}