{"id":28009,"date":"2014-08-29T18:07:23","date_gmt":"2014-08-29T21:07:23","guid":{"rendered":"http:\/\/cordobatimes.com\/showup\/?p=28009"},"modified":"2020-01-24T21:50:43","modified_gmt":"2020-01-25T00:50:43","slug":"homenaje-a-michael-jackson-por-sus-56-anos","status":"publish","type":"post","link":"https:\/\/www.cordobatimes.com\/showup\/famosos\/2014\/08\/29\/homenaje-a-michael-jackson-por-sus-56-anos\/","title":{"rendered":"Homenaje a Michael Jackson por sus 56 a\u00f1os"},"content":{"rendered":"<h3 style=\"text-align: justify;\"><strong>Un 29 de agosto de 1958 nac\u00eda en Gary, Indiana, \u00abEl rey del pop\u00bb. En honor a su ciudadano m\u00e1s ilustre, la ciudad estadounidense le rendir\u00e1 tributo con un festival art\u00edstico de tres d\u00edas que busca promover nuevos talentos. <\/strong><\/h3>\n<p style=\"text-align: justify;\">Recordemos que en 2009, a los 50 a\u00f1os, \u00abJacko\u00bb muri\u00f3 al sufrir un paro cardiorrespiratorio.<\/p>\n<p style=\"text-align: justify;\">El cantante estadunidense Michael Jackson considerado \u00abEl rey del pop\u00bb, por ser el artista m\u00e1s premiado de la historia musical, con cientos de galardones, es recordado, a 56 a\u00f1os de su nacimiento, con el Festival de las Artes en Gary, Indiana, su ciudad natal.<\/p>\n<p style=\"text-align: justify;\">El jueves comenz\u00f3 el encuentro que se llevar\u00e1 a cabo durante tres d\u00edas, en el que tambi\u00e9n se apoyar\u00e1 el talento de nuevos artistas y comenzar\u00e1 con la presentaci\u00f3n de una orquesta y coro conformado por estudiantes de la localidad de Gary que interpretar\u00e1n un popurr\u00ed de canciones de \u00abEl rey del pop\u00bb.<\/p>\n","protected":false},"excerpt":{"rendered":"<p>Un 29 de agosto de 1958 nac\u00eda en Gary, Indiana, \u00abEl rey del pop\u00bb. En honor a su ciudadano m\u00e1s ilustre, la ciudad estadounidense le rendir\u00e1 tributo con un festival art\u00edstico de tres d\u00edas que busca promover nuevos talentos. Recordemos que en 2009, a los 50 a\u00f1os, \u00abJacko\u00bb muri\u00f3 al sufrir un paro cardiorrespiratorio. El [&hellip;]<\/p>\n","protected":false},"author":9,"featured_media":28022,"comment_status":"closed","ping_status":"closed","sticky":false,"template":"","format":"standard","meta":{"_seopress_robots_primary_cat":"","_seopress_titles_title":"","_seopress_titles_desc":"","_seopress_robots_index":"","footnotes":""},"categories":[4],"tags":[9022,28663],"class_list":{"0":"post-28009","1":"post","2":"type-post","3":"status-publish","4":"format-standard","5":"has-post-thumbnail","7":"category-famosos","8":"tag-56-anos-de-michael-jackson","9":"tag-homenaje-a-michael-jackson"},"_links":{"self":[{"href":"https:\/\/www.cordobatimes.com\/showup\/wp-json\/wp\/v2\/posts\/28009","targetHints":{"allow":["GET"]}}],"collection":[{"href":"https:\/\/www.cordobatimes.com\/showup\/wp-json\/wp\/v2\/posts"}],"about":[{"href":"https:\/\/www.cordobatimes.com\/showup\/wp-json\/wp\/v2\/types\/post"}],"author":[{"embeddable":true,"href":"https:\/\/www.cordobatimes.com\/showup\/wp-json\/wp\/v2\/users\/9"}],"replies":[{"embeddable":true,"href":"https:\/\/www.cordobatimes.com\/showup\/wp-json\/wp\/v2\/comments?post=28009"}],"version-history":[{"count":0,"href":"https:\/\/www.cordobatimes.com\/showup\/wp-json\/wp\/v2\/posts\/28009\/revisions"}],"wp:featuredmedia":[{"embeddable":true,"href":"https:\/\/www.cordobatimes.com\/showup\/wp-json\/wp\/v2\/media\/28022"}],"wp:attachment":[{"href":"https:\/\/www.cordobatimes.com\/showup\/wp-json\/wp\/v2\/media?parent=28009"}],"wp:term":[{"taxonomy":"category","embeddable":true,"href":"https:\/\/www.cordobatimes.com\/showup\/wp-json\/wp\/v2\/categories?post=28009"},{"taxonomy":"post_tag","embeddable":true,"href":"https:\/\/www.cordobatimes.com\/showup\/wp-json\/wp\/v2\/tags?post=28009"}],"curies":[{"name":"wp","href":"https:\/\/api.w.org\/{rel}","templated":true}]}}