{"id":27890,"date":"2014-08-26T16:14:33","date_gmt":"2014-08-26T19:14:33","guid":{"rendered":"http:\/\/cordobatimes.com\/showup\/?p=27890"},"modified":"2020-01-25T10:46:30","modified_gmt":"2020-01-25T13:46:30","slug":"flor-de-la-v-le-dedico-una-carta-a-jorge-lanata","status":"publish","type":"post","link":"https:\/\/www.cordobatimes.com\/showup\/famosos\/2014\/08\/26\/flor-de-la-v-le-dedico-una-carta-a-jorge-lanata\/","title":{"rendered":"Flor de la V le dedic\u00f3 una carta a Jorge Lanata"},"content":{"rendered":"<h3><strong>Despu\u00e9s de las pol\u00e9micas declaraciones del conductor, la actriz \u00a0contest\u00f3 a trav\u00e9s de un contundente descargo que public\u00f3 en su p\u00e1gina web.<\/strong><\/h3>\n<p>En palabras de la mano de Flor de la V relata c\u00f3mo se sinti\u00f3 al enterarse de las palabras de Jorge Lanata en Periodismo Para Todos donde toc\u00f3 de manera discriminatoria su condici\u00f3n sexual y de madre.<\/p>\n<p>A continuaci\u00f3n, la carta abierta completa:<\/p>\n<blockquote><p>Hola amigos.<\/p>\n<p>Como en otras ocasiones en que lo consider\u00e9 necesario, esta vez voy a ocupar el contenido de esta columna, que casi siempre transita por el humor, para compartir con ustedes algunas reflexiones sobre cuestiones que son, creo, de suma importancia no solo para m\u00ed sino para toda la sociedad.<\/p>\n<p>Como ya todos saben, hace unos d\u00edas, sin nada que lo justificara (creo que el tema que estaban tratando en su programa de radio era los modos de sexualidad que propone facebook a sus usuarios), Jorge Lanata tuvo para conmigo expresiones de extrema crueldad. Sabido es que, por razones de simpat\u00edas o no con la actual gesti\u00f3n, Lanata y yo estamos en veredas diferentes, pero sinceramente no esperaba semejante desfile de comentarios del peor contenido reaccionario. Menos a\u00fan los esperaba de alguien que, m\u00e1s all\u00e1 de su inexplicable y sospechoso giro en materia ideol\u00f3gica, sigue siendo una referencia importante como comunicador y un formador de opini\u00f3n de indiscutible influencia masiva. Lo primero que tengo para decir al respecto tiene que ver con una sensaci\u00f3n que espero sea solo eso y no algo potencialmente m\u00e1s grave. Resulta curioso, parad\u00f3jico y especialmente alarmante, que justo una semana despu\u00e9s de la noticia que nos acarici\u00f3 el alma a todos (hablo de la recuperaci\u00f3n de Guido-Ignacio, el nieto de Estela), los medios se poblaran con tres muestras de intolerancia de esas que, como dir\u00eda la inolvidable Mar\u00eda Elena Walsh, \u00abHacen retroceder a la humanidad en cuatro patas\u00bb. Primero fue la pavorosa reflexi\u00f3n de Silvia D`auro respecto de la \u00abtendencia que tienen los chicos adoptados a robar\u00bb, luego fue el comentario de un relator, quien a viva voz trat\u00f3 a Teo Guti\u00e9rrez de \u00abnegro de mierda\u00bb, y enseguida el mencionado mon\u00f3logo medieval de Lanata, quien palabras m\u00e1s palabras menos dijo que yo soy \u00abUn trava con documento de mujer&#8230;y que en tal caso no soy mam\u00e1 sino pap\u00e1 de mis hijos&#8230;\u00bb. Si sumamos estas tres expresiones, no es de paranoicos sospechar que hay mucha gente que todav\u00eda procesa la realidad con categor\u00edas de pensamiento bien alejadas de las ideas de inclusi\u00f3n, diversidad y tolerancia.<\/p>\n<p>Vamos ahora al nudo de la cuesti\u00f3n. Me he propuesto antes de sentarme a escribir esto no caer en la tentaci\u00f3n de descalificar, ofender o expulsar del debate a quienes me atacan. Justamente lo que quiero es evitar una costumbre que \u00faltimamente viene potenciando Lanata, quien a segundos de iniciar una argumentaci\u00f3n empieza a poblar su discurso con calificativos como \u00abimb\u00e9ciles\u00bb, \u00a8pelotudos\u00bb, \u00abtarados\u00bb y otros t\u00e9rminos que expulsan a cualquier oponente de un debate serio y adulto. Yo no pienso que Lanata sea ninguna de esas cosas, por el contrario, lo creo un hombre sumamente inteligente, l\u00facido, y es justamente en virtud de esto que me preocupa que de golpe salgan de su boca expresiones que una suponen son el producto del menos reflexivo de los prejuicios sociales.<\/p>\n<p>No ha sido f\u00e1cil mi vida, ya lo he dicho miles de veces. Y esta actualidad que me encuentra plena, reconocida como esposa, mujer y madre no es un \u00e9xito m\u00edo; es una conquista social que se tradujo en un dispositivo jur\u00eddico del estado. Primero, entonces, para que quede bien en claro: cuando Lanata me ataca me est\u00e1 atacando ilegalmente, porque mal que le pese las leyes protegen mi visi\u00f3n de las cosas y no la de \u00e9l. Me parece de suma importancia esta primera cuesti\u00f3n, porque Lanata es de los tantos que admiran \u00aben abstracto\u00bb c\u00f3mo funcionan las leyes en los pa\u00edses desarrollados, pero luego \u00aben concreto\u00bb se cree con derecho a pasar por encima de la ley cuando a su opini\u00f3n se le antoja.<\/p>\n<p>De todos modos lo m\u00e1s preocupante no es qu\u00e9 dice Lanata sino c\u00f3mo, porque es en el c\u00f3mo donde se juegan otros sentidos, que van m\u00e1s all\u00e1 de una posici\u00f3n tomada. Lanata podr\u00eda decir que no est\u00e1 de acuerdo con que a personas como yo se las considere jur\u00eddicamente mujeres. Por supuesto que no coincido con eso, pero claro que es respetable si realmente piensa o cree eso (\u00bfo acaso ustedes creen que yo misma no he tenido contradicciones y vaivenes en la precepci\u00f3n de mi situaci\u00f3n?&#8230; No es sencillo ser lo que la mayor\u00eda no es&#8230;). Pero lo que hiere gratuitamente son las maneras, y especialmente los ejemplos que utiliza Lanata para descalificar. Veamos especialmente uno de ellos: Lanata dice \u00abEntonces si yo me creo Napole\u00f3n y digo que nac\u00ed en C\u00f3rcega el estado tiene que reconocer eso&#8230;\u00bb. Epa&#8230;qu\u00e9 golpe bajo&#8230; \u00bfDesconoce Lanata, intelectual como es, que el ejemplo de Napole\u00f3n ha sido usado para graficar algunas de las formas m\u00e1s extremas de la demencia? \u00bfA cu\u00e1nto estamos de decir entonces que las personas como yo somos enfermos? \u00bfEsta es la reflexi\u00f3n m\u00e1s profunda que se le ocurre a alguien que hasta no hace mucho era considerado un intelectual progresista?<\/p>\n<p>Querido Jorge, cuando yo era chica jugaba a ser Rafaella Carr\u00e1, pero jam\u00e1s se me ocurri\u00f3 pedir que el estado me d\u00e9 un documento donde diga que lo soy, y me permito sospechar que el congreso de un pa\u00eds no votar\u00eda a favor de reconocer como \u00abNapole\u00f3n Bonaparte\u00bb a quienes crean serlo. La noci\u00f3n de identidad de g\u00e9nero es una idea compleja, discutible desde luego, pero es una idea, no es un mamarracho que pueda ser reducido al absurdo en un programa de radio mientras todo el mundo festeja c\u00f3mo humill\u00e1s gratuitamente a un ser humano. Por suerte, cuando mis hijos me abrazan sienten que abrazan a una mam\u00e1 y no al emperador de Francia.<\/p>\n<p>Hace poco, en uno de los habituales raptos de egoman\u00eda que ten\u00e9s, miraste a c\u00e1mara en tu programa de TV y dijiste a tu fiel audiencia: \u00abUstedes no saben lo que es ser yo&#8230;me gustar\u00eda que fueran yo por unos d\u00edas para que vean contra todo lo que tengo que luchar&#8230;\u00bb. Vos no sab\u00e9s, Jorge, lo dif\u00edcil que ha sido ser yo, lo que tuve que luchar y lo feliz que soy por poder haber cerrado el c\u00edrculo de mis inseguridades, de los prejuicios sociales, de la incertidumbre que supone estar fuera de la ley y, sobre todo, de la aceptaci\u00f3n social.<\/p>\n<p>\u00bfNecesit\u00e1s que sea yo misma quien diga que soy un hombre con documento de mujer, que soy pap\u00e1 y no mam\u00e1, que soy trava? \u00bfTe dejar\u00eda m\u00e1s tranquilo eso? \u00bfTe har\u00eda sentir, como en la edad media, que mi confesi\u00f3n ser\u00eda purificadora? \u00bfDejar\u00edas de calificar tan livianamente a todos de est\u00fapidos, locos, delirantes e imb\u00e9ciles? \u00bfQuer\u00e9s que queme mi DNI como acto de expiaci\u00f3n?<\/p>\n<p>Tal vez te resulte extra\u00f1o e incompresible que yo tenga derecho a cambiar lo que seg\u00fan vos no debe cambiarse. M\u00e1s extra\u00f1o e incomprensible nos resulta a todos, Jorge, c\u00f3mo has cambiado vos&#8230;<\/p><\/blockquote>\n","protected":false},"excerpt":{"rendered":"<p>Despu\u00e9s de las pol\u00e9micas declaraciones del conductor, la actriz \u00a0contest\u00f3 a trav\u00e9s de un contundente descargo que public\u00f3 en su p\u00e1gina web. En palabras de la mano de Flor de la V relata c\u00f3mo se sinti\u00f3 al enterarse de las palabras de Jorge Lanata en Periodismo Para Todos donde toc\u00f3 de manera discriminatoria su condici\u00f3n [&hellip;]<\/p>\n","protected":false},"author":9,"featured_media":27896,"comment_status":"closed","ping_status":"closed","sticky":false,"template":"","format":"standard","meta":{"_seopress_robots_primary_cat":"","_seopress_titles_title":"","_seopress_titles_desc":"","_seopress_robots_index":"","footnotes":""},"categories":[4],"tags":[28685,28684],"class_list":{"0":"post-27890","1":"post","2":"type-post","3":"status-publish","4":"format-standard","5":"has-post-thumbnail","7":"category-famosos","8":"tag-flor-de-la-v-jorge-lanata","9":"tag-la-carta-de-flor-de-la-v-a-jorge-lanata"},"_links":{"self":[{"href":"https:\/\/www.cordobatimes.com\/showup\/wp-json\/wp\/v2\/posts\/27890","targetHints":{"allow":["GET"]}}],"collection":[{"href":"https:\/\/www.cordobatimes.com\/showup\/wp-json\/wp\/v2\/posts"}],"about":[{"href":"https:\/\/www.cordobatimes.com\/showup\/wp-json\/wp\/v2\/types\/post"}],"author":[{"embeddable":true,"href":"https:\/\/www.cordobatimes.com\/showup\/wp-json\/wp\/v2\/users\/9"}],"replies":[{"embeddable":true,"href":"https:\/\/www.cordobatimes.com\/showup\/wp-json\/wp\/v2\/comments?post=27890"}],"version-history":[{"count":0,"href":"https:\/\/www.cordobatimes.com\/showup\/wp-json\/wp\/v2\/posts\/27890\/revisions"}],"wp:featuredmedia":[{"embeddable":true,"href":"https:\/\/www.cordobatimes.com\/showup\/wp-json\/wp\/v2\/media\/27896"}],"wp:attachment":[{"href":"https:\/\/www.cordobatimes.com\/showup\/wp-json\/wp\/v2\/media?parent=27890"}],"wp:term":[{"taxonomy":"category","embeddable":true,"href":"https:\/\/www.cordobatimes.com\/showup\/wp-json\/wp\/v2\/categories?post=27890"},{"taxonomy":"post_tag","embeddable":true,"href":"https:\/\/www.cordobatimes.com\/showup\/wp-json\/wp\/v2\/tags?post=27890"}],"curies":[{"name":"wp","href":"https:\/\/api.w.org\/{rel}","templated":true}]}}