{"id":27844,"date":"2014-08-26T15:26:27","date_gmt":"2014-08-26T18:26:27","guid":{"rendered":"http:\/\/cordobatimes.com\/showup\/?p=27844"},"modified":"2020-01-25T10:56:38","modified_gmt":"2020-01-25T13:56:38","slug":"denunciaron-al-mago-sin-dientes-por-violencia-de-genero","status":"publish","type":"post","link":"https:\/\/www.cordobatimes.com\/showup\/famosos\/2014\/08\/26\/denunciaron-al-mago-sin-dientes-por-violencia-de-genero\/","title":{"rendered":"Denunciaron al Mago Sin Dientes por violencia de g\u00e9nero"},"content":{"rendered":"<h3 style=\"text-align: justify;\"><strong>Claudia Knuttsen, la ex novia de Pablo Cabaleiro, mejor conocido por su personaje, \u00a0cont\u00f3 que el mago la maltrat\u00f3, golpe\u00f3 y amenaz\u00f3, y llev\u00f3 fotograf\u00edas para probar sus dichos.<\/strong><\/h3>\n<p style=\"text-align: justify;\">Todo habr\u00eda comenzado en diciembre de 2013 cuando Cabaleiro le prohibi\u00f3 a Claudia viajar junto con \u00e9l a Mar del Plata, donde har\u00eda temporada teatral.<\/p>\n<p style=\"text-align: justify;\">Seg\u00fan los dichos de la mujer, esta situaci\u00f3n desencaden\u00f3 una fuerte pelea entre ellos que culmin\u00f3 cuando el Mago la agredi\u00f3 f\u00edsicamente: \u201ccasi me quiebra la mu\u00f1eca\u201d.<\/p>\n<p style=\"text-align: justify;\">\u201c\u00c9l me pegaba y antes de irse de temporada de verano, me dijo que no venga, me golpeaba y me amenazaba con que nadie me iba a creer por que \u00e9l tiene buena relaci\u00f3n con todos los periodistas del medio y bueno, hoy va al programa del Teto Medina, que es su amigo\u201d, relat\u00f3.<\/p>\n<p style=\"text-align: justify;\">\u201cSiempre me dijo que \u00e9l salio con las chicas del Bailando, por ejemplo con la Ni\u00f1a Loly y que Laurita Fern\u00e1ndez est\u00e1 en Ideas Del Sur gracias a \u00e9l que le dio de comer durante toda la temporada de verano\u201d, agreg\u00f3.<\/p>\n<p style=\"text-align: justify;\">En di\u00e1logo con el portal de noticias \u00a0Exitoina.com, Cabaleiro neg\u00f3 los dichos de la rubia y asegur\u00f3 que era todo mentira. \u201cJam\u00e1s agred\u00ed a una mosca\u201d, afirm\u00f3.<\/p>\n","protected":false},"excerpt":{"rendered":"<p>Claudia Knuttsen, la ex novia de Pablo Cabaleiro, mejor conocido por su personaje, \u00a0cont\u00f3 que el mago la maltrat\u00f3, golpe\u00f3 y amenaz\u00f3, y llev\u00f3 fotograf\u00edas para probar sus dichos. Todo habr\u00eda comenzado en diciembre de 2013 cuando Cabaleiro le prohibi\u00f3 a Claudia viajar junto con \u00e9l a Mar del Plata, donde har\u00eda temporada teatral. Seg\u00fan [&hellip;]<\/p>\n","protected":false},"author":9,"featured_media":27888,"comment_status":"closed","ping_status":"closed","sticky":false,"template":"","format":"standard","meta":{"_seopress_robots_primary_cat":"","_seopress_titles_title":"","_seopress_titles_desc":"","_seopress_robots_index":"","footnotes":""},"categories":[4],"tags":[28690,28689,28688],"class_list":{"0":"post-27844","1":"post","2":"type-post","3":"status-publish","4":"format-standard","5":"has-post-thumbnail","7":"category-famosos","8":"tag-claudia-knuttsen-pablo-cabaleiro","9":"tag-denuncia-al-mago-sin-dientes","10":"tag-mago-sin-dientes-violencia-de-genero"},"_links":{"self":[{"href":"https:\/\/www.cordobatimes.com\/showup\/wp-json\/wp\/v2\/posts\/27844","targetHints":{"allow":["GET"]}}],"collection":[{"href":"https:\/\/www.cordobatimes.com\/showup\/wp-json\/wp\/v2\/posts"}],"about":[{"href":"https:\/\/www.cordobatimes.com\/showup\/wp-json\/wp\/v2\/types\/post"}],"author":[{"embeddable":true,"href":"https:\/\/www.cordobatimes.com\/showup\/wp-json\/wp\/v2\/users\/9"}],"replies":[{"embeddable":true,"href":"https:\/\/www.cordobatimes.com\/showup\/wp-json\/wp\/v2\/comments?post=27844"}],"version-history":[{"count":0,"href":"https:\/\/www.cordobatimes.com\/showup\/wp-json\/wp\/v2\/posts\/27844\/revisions"}],"wp:featuredmedia":[{"embeddable":true,"href":"https:\/\/www.cordobatimes.com\/showup\/wp-json\/wp\/v2\/media\/27888"}],"wp:attachment":[{"href":"https:\/\/www.cordobatimes.com\/showup\/wp-json\/wp\/v2\/media?parent=27844"}],"wp:term":[{"taxonomy":"category","embeddable":true,"href":"https:\/\/www.cordobatimes.com\/showup\/wp-json\/wp\/v2\/categories?post=27844"},{"taxonomy":"post_tag","embeddable":true,"href":"https:\/\/www.cordobatimes.com\/showup\/wp-json\/wp\/v2\/tags?post=27844"}],"curies":[{"name":"wp","href":"https:\/\/api.w.org\/{rel}","templated":true}]}}