{"id":27834,"date":"2014-08-25T23:52:15","date_gmt":"2014-08-26T02:52:15","guid":{"rendered":"http:\/\/cordobatimes.com\/showup\/?p=27834"},"modified":"2020-01-25T11:07:32","modified_gmt":"2020-01-25T14:07:32","slug":"el-profesor-jirafales-se-encuentra-internado-en-estado-grave","status":"publish","type":"post","link":"https:\/\/www.cordobatimes.com\/showup\/famosos\/2014\/08\/25\/el-profesor-jirafales-se-encuentra-internado-en-estado-grave\/","title":{"rendered":"El Profesor Jirafales se encuentra internado en estado grave"},"content":{"rendered":"<h3 style=\"text-align: justify;\"><strong>Se trata de Rub\u00e9n Aguirre, m\u00e1s conocido como el personaje en \u00abEl Chavo del Ocho\u00bb, cuyos ri\u00f1ones fallaron a causa de una diabetes que lo aqueja hace tiempo.<\/strong><\/h3>\n<p>Seg\u00fan inform\u00f3 el portal de noticias Ratingcero.com, permanece internado en la cl\u00ednica del Instituto Mexicano del Seguro Social, desde el \u00faltimo s\u00e1bado.<\/p>\n<p>\u00abFue trasladado a un centro m\u00e9dico tras sufrir una deshidrataci\u00f3n\u00bb, dijo su hijo Arturo Aguirre a Televisa, y agreg\u00f3 que \u00abmi pap\u00e1 est\u00e1 un poco delicado. B\u00e1sicamente est\u00e1 deshidratado, (con) un poco de anemia\u00bb.<\/p>\n<p>Aunque parezca incre\u00edble, uno de los factores que habr\u00edan afectado a sus ri\u00f1ones ser\u00eda \u00abla altura de la capital mexicana y la alimentaci\u00f3n\u00bb ya que hace poco m\u00e1s de un mes regres\u00f3 de vivir en Puerto de Mazatl\u00e1n, en Sinaloa.<\/p>\n","protected":false},"excerpt":{"rendered":"<p>Se trata de Rub\u00e9n Aguirre, m\u00e1s conocido como el personaje en \u00abEl Chavo del Ocho\u00bb, cuyos ri\u00f1ones fallaron a causa de una diabetes que lo aqueja hace tiempo. Seg\u00fan inform\u00f3 el portal de noticias Ratingcero.com, permanece internado en la cl\u00ednica del Instituto Mexicano del Seguro Social, desde el \u00faltimo s\u00e1bado. \u00abFue trasladado a un centro [&hellip;]<\/p>\n","protected":false},"author":9,"featured_media":27852,"comment_status":"closed","ping_status":"closed","sticky":false,"template":"","format":"standard","meta":{"_seopress_robots_primary_cat":"","_seopress_titles_title":"","_seopress_titles_desc":"","_seopress_robots_index":"","footnotes":""},"categories":[4],"tags":[28691,28692,28693],"class_list":{"0":"post-27834","1":"post","2":"type-post","3":"status-publish","4":"format-standard","5":"has-post-thumbnail","7":"category-famosos","8":"tag-profesor-jirafales-internado-en-estado-grave","9":"tag-ruben-aguirre-internado-en-estado-grave","10":"tag-ruben-aguirre-profesor-jirafales"},"_links":{"self":[{"href":"https:\/\/www.cordobatimes.com\/showup\/wp-json\/wp\/v2\/posts\/27834","targetHints":{"allow":["GET"]}}],"collection":[{"href":"https:\/\/www.cordobatimes.com\/showup\/wp-json\/wp\/v2\/posts"}],"about":[{"href":"https:\/\/www.cordobatimes.com\/showup\/wp-json\/wp\/v2\/types\/post"}],"author":[{"embeddable":true,"href":"https:\/\/www.cordobatimes.com\/showup\/wp-json\/wp\/v2\/users\/9"}],"replies":[{"embeddable":true,"href":"https:\/\/www.cordobatimes.com\/showup\/wp-json\/wp\/v2\/comments?post=27834"}],"version-history":[{"count":0,"href":"https:\/\/www.cordobatimes.com\/showup\/wp-json\/wp\/v2\/posts\/27834\/revisions"}],"wp:featuredmedia":[{"embeddable":true,"href":"https:\/\/www.cordobatimes.com\/showup\/wp-json\/wp\/v2\/media\/27852"}],"wp:attachment":[{"href":"https:\/\/www.cordobatimes.com\/showup\/wp-json\/wp\/v2\/media?parent=27834"}],"wp:term":[{"taxonomy":"category","embeddable":true,"href":"https:\/\/www.cordobatimes.com\/showup\/wp-json\/wp\/v2\/categories?post=27834"},{"taxonomy":"post_tag","embeddable":true,"href":"https:\/\/www.cordobatimes.com\/showup\/wp-json\/wp\/v2\/tags?post=27834"}],"curies":[{"name":"wp","href":"https:\/\/api.w.org\/{rel}","templated":true}]}}