{"id":27695,"date":"2014-08-24T18:47:42","date_gmt":"2014-08-24T21:47:42","guid":{"rendered":"http:\/\/cordobatimes.com\/showup\/?p=27695"},"modified":"2020-01-25T11:38:32","modified_gmt":"2020-01-25T14:38:32","slug":"padeces-de-alexitimia","status":"publish","type":"post","link":"https:\/\/www.cordobatimes.com\/showup\/curiosidades\/2014\/08\/24\/padeces-de-alexitimia\/","title":{"rendered":"\u00bfPadeces de Alexitimia?"},"content":{"rendered":"<h3 style=\"text-align: justify;\"><strong>Al menos un 10% de la poblaci\u00f3n mundial ha perdido la capacidad de amar, seg\u00fan estima la Sociedad Espa\u00f1ola de Neurolog\u00eda (SEN).<\/strong><\/h3>\n<p style=\"text-align: justify;\">Se debe a un trastorno neurol\u00f3gico conocido como alexitimia que impide a las personas afectadas identificar las emociones que experimentan as\u00ed como expresarlas verbalmente.<\/p>\n<p style=\"text-align: justify;\">No obstante, no todos los pacientes presentan el mismo grado de afectaci\u00f3n y es importante establecer una distinci\u00f3n entre la alexitimia primaria, producida porque las estructuras neurol\u00f3gicas vinculadas con las emociones est\u00e1n da\u00f1adas debido a esclerosis m\u00faltiple o tumores cerebrales, por ejemplo, y la secundaria, como consecuencia de un trauma emocional grave o por un desorden en el aprendizaje emocional, indica Muy Interesante.<\/p>\n<p style=\"text-align: justify;\">\u00bfLos seres humanos somos capaces de sentir amor, odio, alegr\u00eda, miedo, es decir, experimentar sentimientos y emociones, gracias a un cerebro que lo hace posible, tanto estructural como funcionalmente, as\u00ed como a relacionar dichos sentimientos con estructuras que permiten su verbalizaci\u00f3n?, explica el Profesor\u00a0 Pablo Duque San Juan, Coordinador de la Secci\u00f3n de Neuropsicolog\u00eda de la SEN.<\/p>\n<p style=\"text-align: justify;\">\u00abSi se nace con alguna una anomal\u00eda en zonas cerebrales que se encargan de analizar y formular las emociones, o se produce alguna lesi\u00f3n o disfunci\u00f3n que interrumpa el circuito de conexi\u00f3n entre estructuras, se puede generar la imposibilidad de verbalizar e identificar sentimientos\u00bb, cita Muy Interesante.<\/p>\n<p style=\"text-align: justify;\">\u00abLas emociones influyen much\u00edsimo en la atenci\u00f3n, la memoria y el racionamiento, nos indican qu\u00e9 es lo importante y nos ayudan a tomar decisiones?, explica el Prof. Pablo Duque. \u00abCuando no somos capaces de reconocer nuestras emociones, ni de interpretarlas, no podemos utilizar una informaci\u00f3n que es muy valiosa, lo que hace que sea mucho m\u00e1s complicado tomar decisiones y crear v\u00ednculos sociales.\u00bb<\/p>\n","protected":false},"excerpt":{"rendered":"<p>Al menos un 10% de la poblaci\u00f3n mundial ha perdido la capacidad de amar, seg\u00fan estima la Sociedad Espa\u00f1ola de Neurolog\u00eda (SEN). Se debe a un trastorno neurol\u00f3gico conocido como alexitimia que impide a las personas afectadas identificar las emociones que experimentan as\u00ed como expresarlas verbalmente. No obstante, no todos los pacientes presentan el mismo [&hellip;]<\/p>\n","protected":false},"author":9,"featured_media":27796,"comment_status":"closed","ping_status":"closed","sticky":false,"template":"","format":"standard","meta":{"_seopress_robots_primary_cat":"","_seopress_titles_title":"","_seopress_titles_desc":"","_seopress_robots_index":"","footnotes":""},"categories":[8],"tags":[28696,8936,28695],"class_list":{"0":"post-27695","1":"post","2":"type-post","3":"status-publish","4":"format-standard","5":"has-post-thumbnail","7":"category-curiosidades","8":"tag-alexitimia-impide-a-las-personas-afectadas-identificar-las-emociones-que-experimentan","9":"tag-incapacidad-de-amar","10":"tag-trastorno-neurologico-conocido-como-alexitimia"},"_links":{"self":[{"href":"https:\/\/www.cordobatimes.com\/showup\/wp-json\/wp\/v2\/posts\/27695","targetHints":{"allow":["GET"]}}],"collection":[{"href":"https:\/\/www.cordobatimes.com\/showup\/wp-json\/wp\/v2\/posts"}],"about":[{"href":"https:\/\/www.cordobatimes.com\/showup\/wp-json\/wp\/v2\/types\/post"}],"author":[{"embeddable":true,"href":"https:\/\/www.cordobatimes.com\/showup\/wp-json\/wp\/v2\/users\/9"}],"replies":[{"embeddable":true,"href":"https:\/\/www.cordobatimes.com\/showup\/wp-json\/wp\/v2\/comments?post=27695"}],"version-history":[{"count":0,"href":"https:\/\/www.cordobatimes.com\/showup\/wp-json\/wp\/v2\/posts\/27695\/revisions"}],"wp:featuredmedia":[{"embeddable":true,"href":"https:\/\/www.cordobatimes.com\/showup\/wp-json\/wp\/v2\/media\/27796"}],"wp:attachment":[{"href":"https:\/\/www.cordobatimes.com\/showup\/wp-json\/wp\/v2\/media?parent=27695"}],"wp:term":[{"taxonomy":"category","embeddable":true,"href":"https:\/\/www.cordobatimes.com\/showup\/wp-json\/wp\/v2\/categories?post=27695"},{"taxonomy":"post_tag","embeddable":true,"href":"https:\/\/www.cordobatimes.com\/showup\/wp-json\/wp\/v2\/tags?post=27695"}],"curies":[{"name":"wp","href":"https:\/\/api.w.org\/{rel}","templated":true}]}}