{"id":27684,"date":"2014-08-22T16:29:45","date_gmt":"2014-08-22T19:29:45","guid":{"rendered":"http:\/\/cordobatimes.com\/showup\/?p=27684"},"modified":"2020-01-25T13:08:44","modified_gmt":"2020-01-25T16:08:44","slug":"axel-estreno-quedate-video","status":"publish","type":"post","link":"https:\/\/www.cordobatimes.com\/showup\/musica\/2014\/08\/22\/axel-estreno-quedate-video\/","title":{"rendered":"Axel estren\u00f3 \u00abQu\u00e9date\u00bb (Video)"},"content":{"rendered":"<h3><strong>El reconocido artista argentino comparti\u00f3 su \u00faltima creaci\u00f3n. <\/strong><\/h3>\n<p>El exitoso tema \u00abQu\u00e9date\u00bb, parte de su \u00faltimo \u00e1lbum \u00abTus ojos mis ojos\u00bb, y emocion\u00f3 a sus fan\u00e1ticos con la historia tr\u00e1gica que narra.<\/p>\n<p>No te pierdas el video.<\/p>\n<p><iframe loading=\"lazy\" src=\"\/\/www.youtube.com\/embed\/vYxKhC1kGpE\" width=\"560\" height=\"315\" frameborder=\"0\" allowfullscreen=\"allowfullscreen\"><\/iframe><\/p>\n","protected":false},"excerpt":{"rendered":"<p>El reconocido artista argentino comparti\u00f3 su \u00faltima creaci\u00f3n. El exitoso tema \u00abQu\u00e9date\u00bb, parte de su \u00faltimo \u00e1lbum \u00abTus ojos mis ojos\u00bb, y emocion\u00f3 a sus fan\u00e1ticos con la historia tr\u00e1gica que narra. No te pierdas el video.<\/p>\n","protected":false},"author":9,"featured_media":27688,"comment_status":"closed","ping_status":"closed","sticky":false,"template":"","format":"standard","meta":{"_seopress_robots_primary_cat":"","_seopress_titles_title":"","_seopress_titles_desc":"","_seopress_robots_index":"","footnotes":""},"categories":[5],"tags":[28714],"class_list":{"0":"post-27684","1":"post","2":"type-post","3":"status-publish","4":"format-standard","5":"has-post-thumbnail","7":"category-musica","8":"tag-axel-quedate"},"_links":{"self":[{"href":"https:\/\/www.cordobatimes.com\/showup\/wp-json\/wp\/v2\/posts\/27684","targetHints":{"allow":["GET"]}}],"collection":[{"href":"https:\/\/www.cordobatimes.com\/showup\/wp-json\/wp\/v2\/posts"}],"about":[{"href":"https:\/\/www.cordobatimes.com\/showup\/wp-json\/wp\/v2\/types\/post"}],"author":[{"embeddable":true,"href":"https:\/\/www.cordobatimes.com\/showup\/wp-json\/wp\/v2\/users\/9"}],"replies":[{"embeddable":true,"href":"https:\/\/www.cordobatimes.com\/showup\/wp-json\/wp\/v2\/comments?post=27684"}],"version-history":[{"count":0,"href":"https:\/\/www.cordobatimes.com\/showup\/wp-json\/wp\/v2\/posts\/27684\/revisions"}],"wp:featuredmedia":[{"embeddable":true,"href":"https:\/\/www.cordobatimes.com\/showup\/wp-json\/wp\/v2\/media\/27688"}],"wp:attachment":[{"href":"https:\/\/www.cordobatimes.com\/showup\/wp-json\/wp\/v2\/media?parent=27684"}],"wp:term":[{"taxonomy":"category","embeddable":true,"href":"https:\/\/www.cordobatimes.com\/showup\/wp-json\/wp\/v2\/categories?post=27684"},{"taxonomy":"post_tag","embeddable":true,"href":"https:\/\/www.cordobatimes.com\/showup\/wp-json\/wp\/v2\/tags?post=27684"}],"curies":[{"name":"wp","href":"https:\/\/api.w.org\/{rel}","templated":true}]}}