{"id":27631,"date":"2014-08-21T04:16:41","date_gmt":"2014-08-21T07:16:41","guid":{"rendered":"http:\/\/cordobatimes.com\/showup\/?p=27631"},"modified":"2020-01-25T13:38:27","modified_gmt":"2020-01-25T16:38:27","slug":"nazarena-se-tatuo-en-homenaje-a-fabian-rodriguez-foto","status":"publish","type":"post","link":"https:\/\/www.cordobatimes.com\/showup\/famosos\/2014\/08\/21\/nazarena-se-tatuo-en-homenaje-a-fabian-rodriguez-foto\/","title":{"rendered":"Nazarena se tatu\u00f3 en homenaje a Fabi\u00e1n Rodr\u00edguez (Foto)"},"content":{"rendered":"<h3 style=\"text-align: justify;\"><strong>Despu\u00e9s de la tr\u00e1gica muerte de su marido, la productora y actriz intenta superarlo con la ayuda de sus amigos y familiares.<\/strong><\/h3>\n<p style=\"text-align: justify;\">A cinco meses de la muerte de Fabi\u00e1n Rodr\u00edguez, Nazarena se hizo un nuevo tatuaje. Escribi\u00f3 la leyenda \u00abPor mi familia vivo, por mi familia muero\u00bb en su brazo, y agreg\u00f3 un coraz\u00f3n junto a la palabra \u00abfamilia\u00bb y tambi\u00e9n al lado de \u00abFabi\u00e1n\u00bb, a quien llevaba tatuado en su mu\u00f1eca.<\/p>\n<p style=\"text-align: justify;\">\u00abHace un tiempo que ven\u00eda un pensando hacerme otro tatuaje. No sab\u00eda bien qu\u00e9, si una frase o una imagen. Lo que necesitaba era que mi cuerpo se expresara, en estos d\u00edas en que tengo todo tan adentro. La angustia no se va. Ojal\u00e1 alg\u00fan d\u00eda la pueda sacar de m\u00ed\u00bb, confes\u00f3 la actriz en la revista \u00abGente\u00bb de esta semana.<\/p>\n<p style=\"text-align: justify;\">\u00abLe puse un corazoncito a la palabra familia y otro a Fabi\u00e1n. Reci\u00e9n cuando me tatu\u00e9 cerca de su nombre me empez\u00f3 a doler\u00bb, agreg\u00f3 Nazarena sobre el retoque que se hizo sobre el tatuaje que ya ten\u00eda.<\/p>\n<p style=\"text-align: justify;\">\u00abSi respiro es gracias a mi familia. Aunque por momentos me siento muerta, sigo buscando entre los escombro de mi vida\u00bb, finaliz\u00f3 V\u00e9lez.<\/p>\n<p style=\"text-align: justify;\"><a href=\"http:\/\/cordobatimes.com\/showup\/wp-content\/uploads\/2014\/08\/naza-1.png\"><img loading=\"lazy\" decoding=\"async\" class=\"alignnone size-full wp-image-27639\" src=\"http:\/\/cordobatimes.com\/showup\/wp-content\/uploads\/2014\/08\/naza-1.png\" alt=\"naza 1\" width=\"696\" height=\"368\" data-id=\"27639\" srcset=\"https:\/\/www.cordobatimes.com\/showup\/wp-content\/uploads\/2014\/08\/naza-1.png 696w, https:\/\/www.cordobatimes.com\/showup\/wp-content\/uploads\/2014\/08\/naza-1-300x158.png 300w, https:\/\/www.cordobatimes.com\/showup\/wp-content\/uploads\/2014\/08\/naza-1-600x317.png 600w\" sizes=\"auto, (max-width: 696px) 100vw, 696px\" \/><\/a><\/p>\n<p style=\"text-align: justify;\">Fotos: Web y Revista Gente.<\/p>\n","protected":false},"excerpt":{"rendered":"<p>Despu\u00e9s de la tr\u00e1gica muerte de su marido, la productora y actriz intenta superarlo con la ayuda de sus amigos y familiares. A cinco meses de la muerte de Fabi\u00e1n Rodr\u00edguez, Nazarena se hizo un nuevo tatuaje. Escribi\u00f3 la leyenda \u00abPor mi familia vivo, por mi familia muero\u00bb en su brazo, y agreg\u00f3 un coraz\u00f3n [&hellip;]<\/p>\n","protected":false},"author":9,"featured_media":27638,"comment_status":"closed","ping_status":"closed","sticky":false,"template":"","format":"standard","meta":{"_seopress_robots_primary_cat":"","_seopress_titles_title":"","_seopress_titles_desc":"","_seopress_robots_index":"","footnotes":""},"categories":[4],"tags":[28717],"class_list":{"0":"post-27631","1":"post","2":"type-post","3":"status-publish","4":"format-standard","5":"has-post-thumbnail","7":"category-famosos","8":"tag-tatuaje-de-nazarena-velez-en-homenaje-a-fabian-rodriguez"},"_links":{"self":[{"href":"https:\/\/www.cordobatimes.com\/showup\/wp-json\/wp\/v2\/posts\/27631","targetHints":{"allow":["GET"]}}],"collection":[{"href":"https:\/\/www.cordobatimes.com\/showup\/wp-json\/wp\/v2\/posts"}],"about":[{"href":"https:\/\/www.cordobatimes.com\/showup\/wp-json\/wp\/v2\/types\/post"}],"author":[{"embeddable":true,"href":"https:\/\/www.cordobatimes.com\/showup\/wp-json\/wp\/v2\/users\/9"}],"replies":[{"embeddable":true,"href":"https:\/\/www.cordobatimes.com\/showup\/wp-json\/wp\/v2\/comments?post=27631"}],"version-history":[{"count":0,"href":"https:\/\/www.cordobatimes.com\/showup\/wp-json\/wp\/v2\/posts\/27631\/revisions"}],"wp:featuredmedia":[{"embeddable":true,"href":"https:\/\/www.cordobatimes.com\/showup\/wp-json\/wp\/v2\/media\/27638"}],"wp:attachment":[{"href":"https:\/\/www.cordobatimes.com\/showup\/wp-json\/wp\/v2\/media?parent=27631"}],"wp:term":[{"taxonomy":"category","embeddable":true,"href":"https:\/\/www.cordobatimes.com\/showup\/wp-json\/wp\/v2\/categories?post=27631"},{"taxonomy":"post_tag","embeddable":true,"href":"https:\/\/www.cordobatimes.com\/showup\/wp-json\/wp\/v2\/tags?post=27631"}],"curies":[{"name":"wp","href":"https:\/\/api.w.org\/{rel}","templated":true}]}}