{"id":27580,"date":"2014-08-20T15:49:20","date_gmt":"2014-08-20T18:49:20","guid":{"rendered":"http:\/\/cordobatimes.com\/showup\/?p=27580"},"modified":"2020-01-25T16:01:43","modified_gmt":"2020-01-25T19:01:43","slug":"flor-de-la-v-hablo-de-los-dichos-de-jorge-lanata-video","status":"publish","type":"post","link":"https:\/\/www.cordobatimes.com\/showup\/tv\/2014\/08\/20\/flor-de-la-v-hablo-de-los-dichos-de-jorge-lanata-video\/","title":{"rendered":"Flor de la V habl\u00f3 de los dichos de Jorge Lanata (Video)"},"content":{"rendered":"<h3><strong>La actriz y conductora visit\u00f3 Intrusos y confirm\u00f3 que iniciar\u00e1 acciones legales contra el periodista por sus dichos sobre la identidad de g\u00e9nero.<\/strong><\/h3>\n<p>Visiblemente emocionada y con l\u00e1grimas en los ojos, dio su respuesta ante las declaraciones del periodista: \u00abNo me perdonan el crecimiento y no entiendo el porqu\u00e9. Todos cambiaron, la televisi\u00f3n cambi\u00f3, pero s\u00f3lo hablan de mis cambios, es l\u00f3gico que no sea igual que a los 20. \u00bfPor qu\u00e9 se fijan en mi? La travesti, para ser buf\u00f3n de la corte, s\u00ed. Pero si creciste no\u00bb.<\/p>\n<p>\u00abMe fui nutriendo y abr\u00ed nuevos senderos. Con el trabajo y el cari\u00f1o del p\u00fablico tuve mi programa en Telefe. Diariamente tengo que construir la mujer que soy y siento que a la gente le provoca odio mi felicidad. Que sea tan libre, tan feliz con mis hijos, que me mueva con tanta naturalidad. Siento que no necesito andar con un cartel luminoso que diga travesti argentino. Mi grano de arena aportado a la sociedad fue tener un programa. Mi ejemplo de lucha es que todo se puede si uno lo quiere en la vida. Con no bajar los brazos, una mina como yo, conductora de televisi\u00f3n, trans, no tengo que andar explic\u00e1ndolo\u00bb, prosigui\u00f3.<\/p>\n<p>No te pierdas las im\u00e1genes.<\/p>\n<p><iframe loading=\"lazy\" src=\"\/\/www.youtube.com\/embed\/Cm3UXaFbzoo\" width=\"420\" height=\"315\" frameborder=\"0\" allowfullscreen=\"allowfullscreen\"><\/iframe><\/p>\n","protected":false},"excerpt":{"rendered":"<p>La actriz y conductora visit\u00f3 Intrusos y confirm\u00f3 que iniciar\u00e1 acciones legales contra el periodista por sus dichos sobre la identidad de g\u00e9nero. Visiblemente emocionada y con l\u00e1grimas en los ojos, dio su respuesta ante las declaraciones del periodista: \u00abNo me perdonan el crecimiento y no entiendo el porqu\u00e9. Todos cambiaron, la televisi\u00f3n cambi\u00f3, pero [&hellip;]<\/p>\n","protected":false},"author":9,"featured_media":27581,"comment_status":"closed","ping_status":"closed","sticky":false,"template":"","format":"standard","meta":{"_seopress_robots_primary_cat":"","_seopress_titles_title":"","_seopress_titles_desc":"","_seopress_robots_index":"","footnotes":""},"categories":[2],"tags":[28685],"class_list":{"0":"post-27580","1":"post","2":"type-post","3":"status-publish","4":"format-standard","5":"has-post-thumbnail","7":"category-tv","8":"tag-flor-de-la-v-jorge-lanata"},"_links":{"self":[{"href":"https:\/\/www.cordobatimes.com\/showup\/wp-json\/wp\/v2\/posts\/27580","targetHints":{"allow":["GET"]}}],"collection":[{"href":"https:\/\/www.cordobatimes.com\/showup\/wp-json\/wp\/v2\/posts"}],"about":[{"href":"https:\/\/www.cordobatimes.com\/showup\/wp-json\/wp\/v2\/types\/post"}],"author":[{"embeddable":true,"href":"https:\/\/www.cordobatimes.com\/showup\/wp-json\/wp\/v2\/users\/9"}],"replies":[{"embeddable":true,"href":"https:\/\/www.cordobatimes.com\/showup\/wp-json\/wp\/v2\/comments?post=27580"}],"version-history":[{"count":0,"href":"https:\/\/www.cordobatimes.com\/showup\/wp-json\/wp\/v2\/posts\/27580\/revisions"}],"wp:featuredmedia":[{"embeddable":true,"href":"https:\/\/www.cordobatimes.com\/showup\/wp-json\/wp\/v2\/media\/27581"}],"wp:attachment":[{"href":"https:\/\/www.cordobatimes.com\/showup\/wp-json\/wp\/v2\/media?parent=27580"}],"wp:term":[{"taxonomy":"category","embeddable":true,"href":"https:\/\/www.cordobatimes.com\/showup\/wp-json\/wp\/v2\/categories?post=27580"},{"taxonomy":"post_tag","embeddable":true,"href":"https:\/\/www.cordobatimes.com\/showup\/wp-json\/wp\/v2\/tags?post=27580"}],"curies":[{"name":"wp","href":"https:\/\/api.w.org\/{rel}","templated":true}]}}