{"id":27477,"date":"2014-08-18T17:01:18","date_gmt":"2014-08-18T20:01:18","guid":{"rendered":"http:\/\/cordobatimes.com\/showup\/?p=27477"},"modified":"2020-01-25T16:49:13","modified_gmt":"2020-01-25T19:49:13","slug":"cinthia-fernandez-hablo-de-su-polemica-foto-haciendo-crossfit-embarazada","status":"publish","type":"post","link":"https:\/\/www.cordobatimes.com\/showup\/famosos\/2014\/08\/18\/cinthia-fernandez-hablo-de-su-polemica-foto-haciendo-crossfit-embarazada\/","title":{"rendered":"Cinthia Fern\u00e1ndez habl\u00f3 de su pol\u00e9mica foto haciendo CrossFit embarazada"},"content":{"rendered":"<p style=\"text-align: justify;\">\n<h3 style=\"text-align: justify;\"><strong>A tan s\u00f3lo 10 meses de tener a sus gemelas, la modelo volvi\u00f3 a quedar embarazada y con 5 meses de gestaci\u00f3n, la famosa decidi\u00f3 seguir entrenando pero su actitud fue repudiada por varios seguidores que vieron la foto que public\u00f3 en la que se est\u00e1 entrenando.<\/strong><\/h3>\n<p style=\"text-align: justify;\">\u00abPara m\u00ed este embarazo es otro mundo. No devuelvo, me siento mucho liviana. En el otro embarazo yo no pod\u00eda dormir ni me pod\u00eda acomodar\u00bb, comenz\u00f3 explicando Cinthia en di\u00e1logo con el programa \u00abIntrusos\u00bb.<\/p>\n<p style=\"text-align: justify;\">En referencia a su entrenamiento \u00a0aclar\u00f3 que est\u00e1 permitido hacer algunos ejercicios en el embarazo: \u00abHasta el tercer trimestre, pod\u00e9s hacer saltos con la soga, que no es mucha altura. Hay un ejercicio que es saltar el caj\u00f3n, ese no lo puedo hacer por una cuesti\u00f3n de riesgo a tropezarme y tambi\u00e9n por la altura. Lo que no puedo hacer son cosas invertidas\u00bb, detall\u00f3.<\/p>\n<p style=\"text-align: justify;\">Agreg\u00f3: \u00abYo hice deportes toda mi vida y no es que hice una hora en el gimnasio y nada m\u00e1s. Lo que se ve en el video son 25 kilos los que levanto pero yo sol\u00eda levantar 30. El m\u00e9dico me dijo: &#8216;and\u00e1, si te hace sentir bien y ten\u00e9 en cuenta que ten\u00e9s el ritmo con tus dos hijas y te vas a empezar a sentir hasta como cansada\u00bb.<\/p>\n<p style=\"text-align: justify;\">Por \u00faltimo, la flamante mam\u00e1 y pareja de Mat\u00edas Defederico dio su visi\u00f3n respecto al entrenamiento que realiza: \u00abPara m\u00ed es mucho m\u00e1s riesgoso un embarazo sedentario, adem\u00e1s hay un mont\u00f3n de ejercicio que ayudan al parto. Yo hice pilates con un embarazo de riesgo. Mati sabe que yo entreno y el me dice: &#8216;bueno, con cuidado&#8217; y yo le digo: &#8216;s\u00ed, olvidate'\u00bb, concluy\u00f3.<\/p>\n<p style=\"text-align: justify;\">Te dejamos un video de c\u00f3mo se entena la bella morocha.<\/p>\n<p><iframe loading=\"lazy\" src=\"\/\/www.youtube.com\/embed\/N58o3q388LI\" width=\"420\" height=\"315\" frameborder=\"0\" allowfullscreen=\"allowfullscreen\"><\/iframe><\/p>\n","protected":false},"excerpt":{"rendered":"<p>A tan s\u00f3lo 10 meses de tener a sus gemelas, la modelo volvi\u00f3 a quedar embarazada y con 5 meses de gestaci\u00f3n, la famosa decidi\u00f3 seguir entrenando pero su actitud fue repudiada por varios seguidores que vieron la foto que public\u00f3 en la que se est\u00e1 entrenando. \u00abPara m\u00ed este embarazo es otro mundo. No [&hellip;]<\/p>\n","protected":false},"author":9,"featured_media":27487,"comment_status":"closed","ping_status":"closed","sticky":false,"template":"","format":"standard","meta":{"_seopress_robots_primary_cat":"","_seopress_titles_title":"","_seopress_titles_desc":"","_seopress_robots_index":"","footnotes":""},"categories":[4],"tags":[28725,8869],"class_list":{"0":"post-27477","1":"post","2":"type-post","3":"status-publish","4":"format-standard","5":"has-post-thumbnail","7":"category-famosos","8":"tag-cinthia-fernandez-haciendo-crossfit-embarazada","9":"tag-entrenamiento-embarazada"},"_links":{"self":[{"href":"https:\/\/www.cordobatimes.com\/showup\/wp-json\/wp\/v2\/posts\/27477","targetHints":{"allow":["GET"]}}],"collection":[{"href":"https:\/\/www.cordobatimes.com\/showup\/wp-json\/wp\/v2\/posts"}],"about":[{"href":"https:\/\/www.cordobatimes.com\/showup\/wp-json\/wp\/v2\/types\/post"}],"author":[{"embeddable":true,"href":"https:\/\/www.cordobatimes.com\/showup\/wp-json\/wp\/v2\/users\/9"}],"replies":[{"embeddable":true,"href":"https:\/\/www.cordobatimes.com\/showup\/wp-json\/wp\/v2\/comments?post=27477"}],"version-history":[{"count":0,"href":"https:\/\/www.cordobatimes.com\/showup\/wp-json\/wp\/v2\/posts\/27477\/revisions"}],"wp:featuredmedia":[{"embeddable":true,"href":"https:\/\/www.cordobatimes.com\/showup\/wp-json\/wp\/v2\/media\/27487"}],"wp:attachment":[{"href":"https:\/\/www.cordobatimes.com\/showup\/wp-json\/wp\/v2\/media?parent=27477"}],"wp:term":[{"taxonomy":"category","embeddable":true,"href":"https:\/\/www.cordobatimes.com\/showup\/wp-json\/wp\/v2\/categories?post=27477"},{"taxonomy":"post_tag","embeddable":true,"href":"https:\/\/www.cordobatimes.com\/showup\/wp-json\/wp\/v2\/tags?post=27477"}],"curies":[{"name":"wp","href":"https:\/\/api.w.org\/{rel}","templated":true}]}}