{"id":27453,"date":"2014-08-17T16:30:30","date_gmt":"2014-08-17T19:30:30","guid":{"rendered":"http:\/\/cordobatimes.com\/showup\/?p=27453"},"modified":"2020-01-25T17:16:17","modified_gmt":"2020-01-25T20:16:17","slug":"a-horas-del-estreno-de-viudas-e-hijos-del-rock-roll-damian-de-santo-dijo-tinelli-ya-aburrio","status":"publish","type":"post","link":"https:\/\/www.cordobatimes.com\/showup\/famosos\/2014\/08\/17\/a-horas-del-estreno-de-viudas-e-hijos-del-rock-roll-damian-de-santo-dijo-tinelli-ya-aburrio\/","title":{"rendered":"A horas del estreno de \u00abViudas e hijos del Rock &#038; Roll\u00bb, Dami\u00e1n De Santo dijo: \u00abTinelli ya aburri\u00f3\u00bb"},"content":{"rendered":"<h3 style=\"text-align: justify;\"><strong>El actor estuvo en la presentaci\u00f3n de la nueva novela que pondr\u00e1 al aire Telef\u00e9, y se refiri\u00f3 a la competencia, \u00abShowMatch\u00bb.<\/strong><\/h3>\n<p style=\"text-align: justify;\">\u00abNuestro p\u00fablico es otra cosa, pero Tinelli ya aburri\u00f3, para ver culos me voy a la playa\u00bb, dispar\u00f3 ante las c\u00e1maras de \u00abImplacables\u00bb.<\/p>\n<p style=\"text-align: justify;\">Y agreg\u00f3: \u00abA m\u00ed me gusta el baile pero no los dejan bailar y la verdad que me aburre un mont\u00f3n\u00bb.<\/p>\n<p style=\"text-align: justify;\">Sin embargo, consider\u00f3 que le van a \u00abchorear\u00bb bastante rating a Tinelli. \u00abIgual a Marcelo ya se le va a ocurrir otra cosa\u00bb, expres\u00f3.<\/p>\n<p style=\"text-align: justify;\">Finalmente, afirm\u00f3 que como espectadores est\u00e1 cansado de ver tantas peleas, \u00abestiran tanto el programa que terminan haciendo una hora de boludeces\u00bb.<\/p>\n","protected":false},"excerpt":{"rendered":"<p>El actor estuvo en la presentaci\u00f3n de la nueva novela que pondr\u00e1 al aire Telef\u00e9, y se refiri\u00f3 a la competencia, \u00abShowMatch\u00bb. \u00abNuestro p\u00fablico es otra cosa, pero Tinelli ya aburri\u00f3, para ver culos me voy a la playa\u00bb, dispar\u00f3 ante las c\u00e1maras de \u00abImplacables\u00bb. Y agreg\u00f3: \u00abA m\u00ed me gusta el baile pero no [&hellip;]<\/p>\n","protected":false},"author":9,"featured_media":27468,"comment_status":"closed","ping_status":"closed","sticky":false,"template":"","format":"standard","meta":{"_seopress_robots_primary_cat":"","_seopress_titles_title":"","_seopress_titles_desc":"","_seopress_robots_index":"","footnotes":""},"categories":[4],"tags":[28726,28727],"class_list":{"0":"post-27453","1":"post","2":"type-post","3":"status-publish","4":"format-standard","5":"has-post-thumbnail","7":"category-famosos","8":"tag-damian-de-santo-dijo-tinelli-ya-aburrio","9":"tag-damian-de-santo-marcelo-tinelli"},"_links":{"self":[{"href":"https:\/\/www.cordobatimes.com\/showup\/wp-json\/wp\/v2\/posts\/27453","targetHints":{"allow":["GET"]}}],"collection":[{"href":"https:\/\/www.cordobatimes.com\/showup\/wp-json\/wp\/v2\/posts"}],"about":[{"href":"https:\/\/www.cordobatimes.com\/showup\/wp-json\/wp\/v2\/types\/post"}],"author":[{"embeddable":true,"href":"https:\/\/www.cordobatimes.com\/showup\/wp-json\/wp\/v2\/users\/9"}],"replies":[{"embeddable":true,"href":"https:\/\/www.cordobatimes.com\/showup\/wp-json\/wp\/v2\/comments?post=27453"}],"version-history":[{"count":0,"href":"https:\/\/www.cordobatimes.com\/showup\/wp-json\/wp\/v2\/posts\/27453\/revisions"}],"wp:featuredmedia":[{"embeddable":true,"href":"https:\/\/www.cordobatimes.com\/showup\/wp-json\/wp\/v2\/media\/27468"}],"wp:attachment":[{"href":"https:\/\/www.cordobatimes.com\/showup\/wp-json\/wp\/v2\/media?parent=27453"}],"wp:term":[{"taxonomy":"category","embeddable":true,"href":"https:\/\/www.cordobatimes.com\/showup\/wp-json\/wp\/v2\/categories?post=27453"},{"taxonomy":"post_tag","embeddable":true,"href":"https:\/\/www.cordobatimes.com\/showup\/wp-json\/wp\/v2\/tags?post=27453"}],"curies":[{"name":"wp","href":"https:\/\/api.w.org\/{rel}","templated":true}]}}