{"id":27433,"date":"2014-08-16T16:41:31","date_gmt":"2014-08-16T19:41:31","guid":{"rendered":"http:\/\/cordobatimes.com\/showup\/?p=27433"},"modified":"2020-01-25T18:10:46","modified_gmt":"2020-01-25T21:10:46","slug":"roberto-carlos-prepara-su-autobiografia","status":"publish","type":"post","link":"https:\/\/www.cordobatimes.com\/showup\/famosos\/2014\/08\/16\/roberto-carlos-prepara-su-autobiografia\/","title":{"rendered":"Roberto Carlos prepara su autobiograf\u00eda"},"content":{"rendered":"<h3 style=\"text-align: justify;\"><strong><span style=\"color: #000000;\">El reconocido cantante \u00a0confes\u00f3 que quiere escribir la historia de su vida y que estar\u00e1 compuesta por dos tomos.<\/span><\/strong><\/h3>\n<p style=\"text-align: justify;\"><span style=\"color: #000000;\">\u00abEn la biograf\u00eda quiero decir todo, quiero hablar de todo lo que he pasado en mi vida, voy a hablar de todo, no quiero que otros vayan a buscar aquello que yo no he dicho en mi biograf\u00eda\u00bb,<\/span><\/p>\n<p style=\"text-align: justify;\"><span style=\"color: #000000;\">As\u00ed lo se\u00f1al\u00f3 el cantautor brasile\u00f1o, de 73 a\u00f1os, en una conferencia de prensa en la capital mexicana en donde present\u00f3 su nuevo \u00e1lbum \u00abEse tipo soy yo\u00bb.<\/span><\/p>\n","protected":false},"excerpt":{"rendered":"<p>El reconocido cantante \u00a0confes\u00f3 que quiere escribir la historia de su vida y que estar\u00e1 compuesta por dos tomos. \u00abEn la biograf\u00eda quiero decir todo, quiero hablar de todo lo que he pasado en mi vida, voy a hablar de todo, no quiero que otros vayan a buscar aquello que yo no he dicho en [&hellip;]<\/p>\n","protected":false},"author":9,"featured_media":27434,"comment_status":"closed","ping_status":"closed","sticky":false,"template":"","format":"standard","meta":{"_seopress_robots_primary_cat":"","_seopress_titles_title":"","_seopress_titles_desc":"","_seopress_robots_index":"","footnotes":""},"categories":[4],"tags":[8852],"class_list":{"0":"post-27433","1":"post","2":"type-post","3":"status-publish","4":"format-standard","5":"has-post-thumbnail","7":"category-famosos","8":"tag-autobiografia-de-roberto-carlos"},"_links":{"self":[{"href":"https:\/\/www.cordobatimes.com\/showup\/wp-json\/wp\/v2\/posts\/27433","targetHints":{"allow":["GET"]}}],"collection":[{"href":"https:\/\/www.cordobatimes.com\/showup\/wp-json\/wp\/v2\/posts"}],"about":[{"href":"https:\/\/www.cordobatimes.com\/showup\/wp-json\/wp\/v2\/types\/post"}],"author":[{"embeddable":true,"href":"https:\/\/www.cordobatimes.com\/showup\/wp-json\/wp\/v2\/users\/9"}],"replies":[{"embeddable":true,"href":"https:\/\/www.cordobatimes.com\/showup\/wp-json\/wp\/v2\/comments?post=27433"}],"version-history":[{"count":0,"href":"https:\/\/www.cordobatimes.com\/showup\/wp-json\/wp\/v2\/posts\/27433\/revisions"}],"wp:featuredmedia":[{"embeddable":true,"href":"https:\/\/www.cordobatimes.com\/showup\/wp-json\/wp\/v2\/media\/27434"}],"wp:attachment":[{"href":"https:\/\/www.cordobatimes.com\/showup\/wp-json\/wp\/v2\/media?parent=27433"}],"wp:term":[{"taxonomy":"category","embeddable":true,"href":"https:\/\/www.cordobatimes.com\/showup\/wp-json\/wp\/v2\/categories?post=27433"},{"taxonomy":"post_tag","embeddable":true,"href":"https:\/\/www.cordobatimes.com\/showup\/wp-json\/wp\/v2\/tags?post=27433"}],"curies":[{"name":"wp","href":"https:\/\/api.w.org\/{rel}","templated":true}]}}