{"id":27301,"date":"2014-08-14T14:28:36","date_gmt":"2014-08-14T17:28:36","guid":{"rendered":"http:\/\/cordobatimes.com\/showup\/?p=27301"},"modified":"2020-01-25T18:33:32","modified_gmt":"2020-01-25T21:33:32","slug":"viudas-e-hijos-de-rock-and-roll-listos-para-el-estreno-video","status":"publish","type":"post","link":"https:\/\/www.cordobatimes.com\/showup\/tv\/2014\/08\/14\/viudas-e-hijos-de-rock-and-roll-listos-para-el-estreno-video\/","title":{"rendered":"\u00abViudas e hijos del Rock and Roll\u00bb listos para el estreno (Video)"},"content":{"rendered":"<h3 style=\"text-align: justify;\"><strong>Con un elenco repleto de grandes figuras, Underground lanz\u00f3 oficialmente su nueva apuesta, que debutar\u00e1 el pr\u00f3ximo lunes a las 21:15 por Telefe. <\/strong><\/h3>\n<p style=\"text-align: justify;\">\u00abDe la mano de la m\u00fasica, el programa apunta a la familia, a los recuerdos, a la nostalgia\u00bb, cont\u00f3 Sebast\u00edan Ortega, el creador.<\/p>\n<p style=\"text-align: justify;\">Las inconfundibles voces de Lalo Mir y Mex Urtizberea fueron las encargadas de abrir la noche en el lanzamiento para la prensa de \u00abViudas e hijos del Rock and Roll\u00bb y DiarioShow.com estuvo presente.<\/p>\n<p style=\"text-align: justify;\">Ya metidos en sus personajes, el conductor de radio y el actor entrevistaron al creador de la nueva ficci\u00f3n de Underground, Sebasti\u00e1n Ortega, y al gerente de programaci\u00f3n de Telefe, Tom\u00e1s Yankelevich.<\/p>\n<p style=\"text-align: justify;\">\u00abEstamos orgullosos de lo que le presentamos. &#8216;Viudas e hijos&#8217; es un programa que tiene mucho trabajo en encima de Underground, de Telefe. Estamos muy contentos de los que nos est\u00e1 sucediendo a todos internamente, con lo que vimos de los cap\u00edtulos. Tenemos mucha ansiedad por ver c\u00f3mo es la recepci\u00f3n del p\u00fablico\u00bb, manifest\u00f3 s\u00faper contento Ortega sobre la nueva apuesta de la productora que dirige.<\/p>\n<p style=\"text-align: justify;\">El lunes, a las 21:15 ser\u00e1 el gran estreno en la pantalla de Telefe. \u00abPusimos ese horarrio porque son esos 15 minutitos donde le damos espacio a la gente para llegar a sus casas y que se acomode\u00bb, afirm\u00f3 Yankelevich.<\/p>\n<p style=\"text-align: justify;\">\u00abEs un horario familiar. Creemos que se trata de un proyecto que va a poder ver toda la familia. Tiene algunas cositas picantes para que los grandes tambi\u00e9n acompa\u00f1en a los chicos\u00bb, a\u00f1adi\u00f3 Ortega.<\/p>\n<p style=\"text-align: justify;\">\u00abEs un programa que apunta a la familia, a los recuerdos, a la nostalgia, va de la mano de la m\u00fasica. Tambi\u00e9n apela mucho al humor, a la risa, a la alegr\u00eda\u201d, se\u00f1al\u00f3 orgullosos Sebasti\u00e1n y agreg\u00f3: \u00abAdem\u00e1s est\u00e1 hecho con un elenco y un equipo de producci\u00f3n incre\u00edble. Es algo que nos llena de orgulloso. Desde lo art\u00edstico, &#8216;Viudas e hijos&#8217; este programa demuestra una evoluci\u00f3n muy grande de Underground\u00bb, finaliz\u00f3 Sebasti\u00e1n.<\/p>\n<p><iframe loading=\"lazy\" src=\"\/\/www.youtube.com\/embed\/1NJpjnXiV1o\" width=\"560\" height=\"315\" frameborder=\"0\" allowfullscreen=\"allowfullscreen\"><\/iframe><\/p>\n<p>Informaci\u00f3n y fotograf\u00eda: \u00a0Diario Show<\/p>\n","protected":false},"excerpt":{"rendered":"<p>Con un elenco repleto de grandes figuras, Underground lanz\u00f3 oficialmente su nueva apuesta, que debutar\u00e1 el pr\u00f3ximo lunes a las 21:15 por Telefe. \u00abDe la mano de la m\u00fasica, el programa apunta a la familia, a los recuerdos, a la nostalgia\u00bb, cont\u00f3 Sebast\u00edan Ortega, el creador. Las inconfundibles voces de Lalo Mir y Mex Urtizberea [&hellip;]<\/p>\n","protected":false},"author":9,"featured_media":27342,"comment_status":"closed","ping_status":"closed","sticky":false,"template":"","format":"standard","meta":{"_seopress_robots_primary_cat":"","_seopress_titles_title":"","_seopress_titles_desc":"","_seopress_robots_index":"","footnotes":""},"categories":[2],"tags":[6576],"class_list":{"0":"post-27301","1":"post","2":"type-post","3":"status-publish","4":"format-standard","5":"has-post-thumbnail","7":"category-tv","8":"tag-viudas-e-hijos-del-rock-and-roll"},"_links":{"self":[{"href":"https:\/\/www.cordobatimes.com\/showup\/wp-json\/wp\/v2\/posts\/27301","targetHints":{"allow":["GET"]}}],"collection":[{"href":"https:\/\/www.cordobatimes.com\/showup\/wp-json\/wp\/v2\/posts"}],"about":[{"href":"https:\/\/www.cordobatimes.com\/showup\/wp-json\/wp\/v2\/types\/post"}],"author":[{"embeddable":true,"href":"https:\/\/www.cordobatimes.com\/showup\/wp-json\/wp\/v2\/users\/9"}],"replies":[{"embeddable":true,"href":"https:\/\/www.cordobatimes.com\/showup\/wp-json\/wp\/v2\/comments?post=27301"}],"version-history":[{"count":0,"href":"https:\/\/www.cordobatimes.com\/showup\/wp-json\/wp\/v2\/posts\/27301\/revisions"}],"wp:featuredmedia":[{"embeddable":true,"href":"https:\/\/www.cordobatimes.com\/showup\/wp-json\/wp\/v2\/media\/27342"}],"wp:attachment":[{"href":"https:\/\/www.cordobatimes.com\/showup\/wp-json\/wp\/v2\/media?parent=27301"}],"wp:term":[{"taxonomy":"category","embeddable":true,"href":"https:\/\/www.cordobatimes.com\/showup\/wp-json\/wp\/v2\/categories?post=27301"},{"taxonomy":"post_tag","embeddable":true,"href":"https:\/\/www.cordobatimes.com\/showup\/wp-json\/wp\/v2\/tags?post=27301"}],"curies":[{"name":"wp","href":"https:\/\/api.w.org\/{rel}","templated":true}]}}