{"id":27252,"date":"2014-08-13T16:17:59","date_gmt":"2014-08-13T19:17:59","guid":{"rendered":"http:\/\/cordobatimes.com\/showup\/?p=27252"},"modified":"2020-01-25T19:00:24","modified_gmt":"2020-01-25T22:00:24","slug":"absolvieron-a-gonzalito-de-cqc","status":"publish","type":"post","link":"https:\/\/www.cordobatimes.com\/showup\/tv\/2014\/08\/13\/absolvieron-a-gonzalito-de-cqc\/","title":{"rendered":"Absolvieron a \u00abGonzalito\u00bb de CQC"},"content":{"rendered":"<h3 style=\"text-align: justify;\"><strong>El notero de Caiga Quien Caiga recibi\u00f3 la absoluci\u00f3n ayer por la la justicia de Corrientes en un juicio en el que se lo acus\u00f3 de violaci\u00f3n de domicilio y da\u00f1o.<\/strong><\/h3>\n<p style=\"text-align: justify;\">La causa fue iniciada por una empresa forestal a partir de un informe que hizo el programa en los Esteros del Iber\u00e1. Gonzalito fue denunciado penalmente por haber ingresado a un campo para supuestamente intentar derrumbar un terrapl\u00e9n construido en forma irregular.<\/p>\n<p style=\"text-align: justify;\">Seg\u00fan informa infojusnoticias.gov.ar, la jueza correccional de la segunda nominaci\u00f3n de Corrientes, Mar\u00eda de los Milagros Mart\u00ednez Spalla, absolvi\u00f3 de culpa y cargo a Gonzalo Rodr\u00edguez por \u201cinsuficiencia probatoria\u201d en el juicio iniciado por la firma Forestal Andina.<\/p>\n<p style=\"text-align: justify;\">La empresa es propietaria de la Estancia San Eugenio, ubicada en zonas de ba\u00f1ados de los esteros del Iber\u00e1, en el departamento de Concepci\u00f3n, a 183 kil\u00f3metros de la capital correntina.<\/p>\n<p style=\"text-align: justify;\">En marzo de 2009, CQC realiz\u00f3 un informe del impacto negativo para el ecosistema que genera un terrapl\u00e9n de 22 kil\u00f3metros, sobre el cual realiz\u00f3 una simulaci\u00f3n de demolici\u00f3n a trav\u00e9s de un montaje televisivo. Por ese hecho acusaron de violaci\u00f3n de domicilio y da\u00f1o simple a Rodr\u00edguez, quien fue absuelto.<\/p>\n<p style=\"text-align: justify;\">\u201cMe imputaron por un delito que no comet\u00ed\u201d, dijo el periodista a T\u00e9lam y agreg\u00f3 que el proceso judicial le pareci\u00f3 \u201cil\u00f3gico y una p\u00e9rdida de tiempo\u201d, pero asegur\u00f3 que \u201csirvi\u00f3 para mostrar la verdad\u201d.<\/p>\n","protected":false},"excerpt":{"rendered":"<p>El notero de Caiga Quien Caiga recibi\u00f3 la absoluci\u00f3n ayer por la la justicia de Corrientes en un juicio en el que se lo acus\u00f3 de violaci\u00f3n de domicilio y da\u00f1o. La causa fue iniciada por una empresa forestal a partir de un informe que hizo el programa en los Esteros del Iber\u00e1. Gonzalito fue [&hellip;]<\/p>\n","protected":false},"author":9,"featured_media":27266,"comment_status":"closed","ping_status":"closed","sticky":false,"template":"","format":"standard","meta":{"_seopress_robots_primary_cat":"","_seopress_titles_title":"","_seopress_titles_desc":"","_seopress_robots_index":"","footnotes":""},"categories":[2],"tags":[28736],"class_list":{"0":"post-27252","1":"post","2":"type-post","3":"status-publish","4":"format-standard","5":"has-post-thumbnail","7":"category-tv","8":"tag-gonzalito-notero-de-caiga-quien-caigase-lo-acuso-de-violacion-de-domicilio-y-dano"},"_links":{"self":[{"href":"https:\/\/www.cordobatimes.com\/showup\/wp-json\/wp\/v2\/posts\/27252","targetHints":{"allow":["GET"]}}],"collection":[{"href":"https:\/\/www.cordobatimes.com\/showup\/wp-json\/wp\/v2\/posts"}],"about":[{"href":"https:\/\/www.cordobatimes.com\/showup\/wp-json\/wp\/v2\/types\/post"}],"author":[{"embeddable":true,"href":"https:\/\/www.cordobatimes.com\/showup\/wp-json\/wp\/v2\/users\/9"}],"replies":[{"embeddable":true,"href":"https:\/\/www.cordobatimes.com\/showup\/wp-json\/wp\/v2\/comments?post=27252"}],"version-history":[{"count":0,"href":"https:\/\/www.cordobatimes.com\/showup\/wp-json\/wp\/v2\/posts\/27252\/revisions"}],"wp:featuredmedia":[{"embeddable":true,"href":"https:\/\/www.cordobatimes.com\/showup\/wp-json\/wp\/v2\/media\/27266"}],"wp:attachment":[{"href":"https:\/\/www.cordobatimes.com\/showup\/wp-json\/wp\/v2\/media?parent=27252"}],"wp:term":[{"taxonomy":"category","embeddable":true,"href":"https:\/\/www.cordobatimes.com\/showup\/wp-json\/wp\/v2\/categories?post=27252"},{"taxonomy":"post_tag","embeddable":true,"href":"https:\/\/www.cordobatimes.com\/showup\/wp-json\/wp\/v2\/tags?post=27252"}],"curies":[{"name":"wp","href":"https:\/\/api.w.org\/{rel}","templated":true}]}}