{"id":27085,"date":"2014-08-11T17:06:49","date_gmt":"2014-08-11T20:06:49","guid":{"rendered":"http:\/\/cordobatimes.com\/showup\/?p=27085"},"modified":"2020-01-26T10:16:37","modified_gmt":"2020-01-26T13:16:37","slug":"comenzo-el-juicio-oral-a-gonzalito-de-cqc","status":"publish","type":"post","link":"https:\/\/www.cordobatimes.com\/showup\/famosos\/2014\/08\/11\/comenzo-el-juicio-oral-a-gonzalito-de-cqc\/","title":{"rendered":"Comenz\u00f3 el juicio oral a Gonzalito de CQC"},"content":{"rendered":"<h3 style=\"text-align: justify;\"><strong>El Juzgado Correccional n\u00famero 2 de Corrientes inici\u00f3 hoy el accionar legal contra el cronista del programa Caiga Quien Caiga, quien en 2009 fue denunciado penalmente por haber ingresado a un campo para supuestamente intentar derrumbar un terrapl\u00e9n construido en forma irregular.<\/strong><\/h3>\n<p style=\"text-align: justify;\">\u201cEstoy tranquilo, no comet\u00ed ning\u00fan crimen\u201c, dijo Rodr\u00edguez antes de ingresar al tribunal para afrontar el juicio por supuestos da\u00f1os y violaci\u00f3n de domicilio.<\/p>\n<p style=\"text-align: justify;\">El periodista fue denunciado en abril de 2009 por la empresa Haciendas San Eugenio, ex Forestal Andina.<\/p>\n<p style=\"text-align: justify;\">La demanda surgi\u00f3 luego de que un equipo de CQC que encabezaba ingresara a un campo ubicado en el paraje Yahaver\u00e9 con la intenci\u00f3n de aparentar el cumplimiento de una decisi\u00f3n del Superior Tribunal de Justicia de Corrientes de demoler un terrapl\u00e9n de 30 kil\u00f3metros de extensi\u00f3n que se hab\u00eda construido en forma irregular en los Esteros del Iber\u00e1.<\/p>\n<p style=\"text-align: justify;\">Los productores y responsables de CQC hab\u00edan sido apercibidos antes de la emisi\u00f3n de la nota, enmarcada en el segmento \u201cProteste ya\u201d, pero finalmente sali\u00f3 al aire para dar cuenta de las denuncias planteadas por los pobladores de Yahaver\u00e9, respecto de los da\u00f1os ambientales ocasionados por el terrapl\u00e9n, que reci\u00e9n fue demolido en mayo \u00faltimo.<\/p>\n<p style=\"text-align: justify;\">Durante la producci\u00f3n televisiva, Rodr\u00edguez utiliz\u00f3 una retroexcavadora para simular el inicio de la destrucci\u00f3n del terrapl\u00e9n, cuando a\u00fan estaba pendiente una resoluci\u00f3n de la Corte Suprema de Justicia de la Naci\u00f3n.<\/p>\n<p style=\"text-align: justify;\">El m\u00e1ximo tribunal federal finalmente declar\u00f3 ilegal esa construcci\u00f3n en un fallo emitido el 13 de octubre de 2009.<\/p>\n<p style=\"text-align: justify;\">\u201cEn 15 a\u00f1os de denuncias y carrera, esta es la primera vez que termino procesado en un juicio oral y p\u00fablico\u201c, lament\u00f3 el periodista.<\/p>\n<p style=\"text-align: justify;\">\u201cMe parece una locura hacer perder tiempo a la Justicia porque movimos un poco de tierra en un terrapl\u00e9n que estaba en tierras fiscales\u201d, advirti\u00f3 el periodista, en declaraciones radiales.<\/p>\n<p style=\"text-align: justify;\">\u201cEstoy procesado, vengo a cumplir con la Justicia y no me gusta defenderme cuando no le hice mal a nadie. No rob\u00e9 nada y espero que las cosas se puedan aclarar\u201d, acot\u00f3 el cronista de CQC.<\/p>\n<p style=\"text-align: justify;\">Finalmente, advirti\u00f3: \u201cMientras existan denuncias que est\u00e9n comprobadas y nosotros podamos ayudar a gente que est\u00e1 siendo maltratada, lo seguiremos haciendo\u201d.<\/p>\n<p>Fuente: DYN<\/p>\n","protected":false},"excerpt":{"rendered":"<p>El Juzgado Correccional n\u00famero 2 de Corrientes inici\u00f3 hoy el accionar legal contra el cronista del programa Caiga Quien Caiga, quien en 2009 fue denunciado penalmente por haber ingresado a un campo para supuestamente intentar derrumbar un terrapl\u00e9n construido en forma irregular. \u201cEstoy tranquilo, no comet\u00ed ning\u00fan crimen\u201c, dijo Rodr\u00edguez antes de ingresar al tribunal [&hellip;]<\/p>\n","protected":false},"author":9,"featured_media":27086,"comment_status":"closed","ping_status":"closed","sticky":false,"template":"","format":"standard","meta":{"_seopress_robots_primary_cat":"","_seopress_titles_title":"","_seopress_titles_desc":"","_seopress_robots_index":"","footnotes":""},"categories":[4],"tags":[8780],"class_list":{"0":"post-27085","1":"post","2":"type-post","3":"status-publish","4":"format-standard","5":"has-post-thumbnail","7":"category-famosos","8":"tag-juicio-oral-y-publico-a-gonzalito"},"_links":{"self":[{"href":"https:\/\/www.cordobatimes.com\/showup\/wp-json\/wp\/v2\/posts\/27085","targetHints":{"allow":["GET"]}}],"collection":[{"href":"https:\/\/www.cordobatimes.com\/showup\/wp-json\/wp\/v2\/posts"}],"about":[{"href":"https:\/\/www.cordobatimes.com\/showup\/wp-json\/wp\/v2\/types\/post"}],"author":[{"embeddable":true,"href":"https:\/\/www.cordobatimes.com\/showup\/wp-json\/wp\/v2\/users\/9"}],"replies":[{"embeddable":true,"href":"https:\/\/www.cordobatimes.com\/showup\/wp-json\/wp\/v2\/comments?post=27085"}],"version-history":[{"count":0,"href":"https:\/\/www.cordobatimes.com\/showup\/wp-json\/wp\/v2\/posts\/27085\/revisions"}],"wp:featuredmedia":[{"embeddable":true,"href":"https:\/\/www.cordobatimes.com\/showup\/wp-json\/wp\/v2\/media\/27086"}],"wp:attachment":[{"href":"https:\/\/www.cordobatimes.com\/showup\/wp-json\/wp\/v2\/media?parent=27085"}],"wp:term":[{"taxonomy":"category","embeddable":true,"href":"https:\/\/www.cordobatimes.com\/showup\/wp-json\/wp\/v2\/categories?post=27085"},{"taxonomy":"post_tag","embeddable":true,"href":"https:\/\/www.cordobatimes.com\/showup\/wp-json\/wp\/v2\/tags?post=27085"}],"curies":[{"name":"wp","href":"https:\/\/api.w.org\/{rel}","templated":true}]}}