{"id":27077,"date":"2014-08-11T17:17:40","date_gmt":"2014-08-11T20:17:40","guid":{"rendered":"http:\/\/cordobatimes.com\/showup\/?p=27077"},"modified":"2020-01-26T09:43:36","modified_gmt":"2020-01-26T12:43:36","slug":"lali-esposito-sorprendio-con-drastico-cambio-de-look-fotos","status":"publish","type":"post","link":"https:\/\/www.cordobatimes.com\/showup\/famosos\/2014\/08\/11\/lali-esposito-sorprendio-con-drastico-cambio-de-look-fotos\/","title":{"rendered":"Lali Esp\u00f3sito sorprendi\u00f3 con dr\u00e1stico cambio de look (Fotos)"},"content":{"rendered":"<h3 style=\"text-align: justify;\"><strong>La bella \u00a0y joven actriz siempre tiene un as bajo la manga. Esta vez fue mucho m\u00e1s all\u00e1 y se mostr\u00f3 con el cabello de un morocho furioso y bien cortito.<\/strong><\/h3>\n<p style=\"text-align: justify;\">Est\u00e1 de m\u00e1s decir que se rob\u00f3 miles de halagos en su cuenta de Instagram y que aunque se trate s\u00f3lo de un look pasajero donde debajo de esa cabellera se esconde su melena rubia; no le tiene miedo a los diferentes colores ni largos.<\/p>\n<p style=\"text-align: justify;\">La actriz teen comparti\u00f3 varias im\u00e1genes con todos sus seguidores y fans logrando llamar la atenci\u00f3n de muchos que se creyeron que el cambio era permanente.<\/p>\n<p style=\"text-align: justify;\">No te pierdas las fotos.<\/p>\n<p><iframe loading=\"lazy\" src=\"\/\/instagram.com\/p\/rgKXQLlDgC\/embed\/\" width=\"612\" height=\"710\" frameborder=\"0\" scrolling=\"no\"><\/iframe><\/p>\n<p><iframe loading=\"lazy\" src=\"\/\/instagram.com\/p\/rhd-JfFDvk\/embed\/\" width=\"612\" height=\"710\" frameborder=\"0\" scrolling=\"no\"><\/iframe><\/p>\n<p><iframe loading=\"lazy\" src=\"\/\/instagram.com\/p\/rigziplDnC\/embed\/\" width=\"612\" height=\"710\" frameborder=\"0\" scrolling=\"no\"><\/iframe><\/p>\n","protected":false},"excerpt":{"rendered":"<p>La bella \u00a0y joven actriz siempre tiene un as bajo la manga. Esta vez fue mucho m\u00e1s all\u00e1 y se mostr\u00f3 con el cabello de un morocho furioso y bien cortito. Est\u00e1 de m\u00e1s decir que se rob\u00f3 miles de halagos en su cuenta de Instagram y que aunque se trate s\u00f3lo de un look [&hellip;]<\/p>\n","protected":false},"author":9,"featured_media":27088,"comment_status":"closed","ping_status":"closed","sticky":false,"template":"","format":"standard","meta":{"_seopress_robots_primary_cat":"","_seopress_titles_title":"","_seopress_titles_desc":"","_seopress_robots_index":"","footnotes":""},"categories":[4],"tags":[19737,28748,28747],"class_list":{"0":"post-27077","1":"post","2":"type-post","3":"status-publish","4":"format-standard","5":"has-post-thumbnail","7":"category-famosos","8":"tag-cambio-de-look-de-lali-esposito","9":"tag-lali-esposito-morocha-con-pelo-corto","10":"tag-todos-los-cambios-de-look-de-lali-esposito"},"_links":{"self":[{"href":"https:\/\/www.cordobatimes.com\/showup\/wp-json\/wp\/v2\/posts\/27077","targetHints":{"allow":["GET"]}}],"collection":[{"href":"https:\/\/www.cordobatimes.com\/showup\/wp-json\/wp\/v2\/posts"}],"about":[{"href":"https:\/\/www.cordobatimes.com\/showup\/wp-json\/wp\/v2\/types\/post"}],"author":[{"embeddable":true,"href":"https:\/\/www.cordobatimes.com\/showup\/wp-json\/wp\/v2\/users\/9"}],"replies":[{"embeddable":true,"href":"https:\/\/www.cordobatimes.com\/showup\/wp-json\/wp\/v2\/comments?post=27077"}],"version-history":[{"count":0,"href":"https:\/\/www.cordobatimes.com\/showup\/wp-json\/wp\/v2\/posts\/27077\/revisions"}],"wp:featuredmedia":[{"embeddable":true,"href":"https:\/\/www.cordobatimes.com\/showup\/wp-json\/wp\/v2\/media\/27088"}],"wp:attachment":[{"href":"https:\/\/www.cordobatimes.com\/showup\/wp-json\/wp\/v2\/media?parent=27077"}],"wp:term":[{"taxonomy":"category","embeddable":true,"href":"https:\/\/www.cordobatimes.com\/showup\/wp-json\/wp\/v2\/categories?post=27077"},{"taxonomy":"post_tag","embeddable":true,"href":"https:\/\/www.cordobatimes.com\/showup\/wp-json\/wp\/v2\/tags?post=27077"}],"curies":[{"name":"wp","href":"https:\/\/api.w.org\/{rel}","templated":true}]}}