{"id":26915,"date":"2014-08-09T16:35:55","date_gmt":"2014-08-09T19:35:55","guid":{"rendered":"http:\/\/cordobatimes.com\/showup\/?p=26915"},"modified":"2020-01-26T11:13:51","modified_gmt":"2020-01-26T14:13:51","slug":"inminente-reconciliacion-luli-salazar-y-martin-redrado-juntos-de-nuevo","status":"publish","type":"post","link":"https:\/\/www.cordobatimes.com\/showup\/famosos\/2014\/08\/09\/inminente-reconciliacion-luli-salazar-y-martin-redrado-juntos-de-nuevo\/","title":{"rendered":"Inminente reconciliaci\u00f3n: Luli Salazar y Mart\u00edn Redrado \u00bfjuntos de nuevo?"},"content":{"rendered":"<h3 style=\"text-align: justify;\"><strong>Despu\u00e9s de la medi\u00e1tica ruptura donde existi\u00f3 hasta un comunicado, parece ser que el amor es m\u00e1s fuerte y la modelo y el pol\u00edtico planean volver.\u00a0<\/strong><\/h3>\n<p style=\"text-align: justify;\">En di\u00e1logo con Teleshow.com, el economista se\u00f1al\u00f3 que el acercamiento se profundiz\u00f3. \u201cEn los \u00faltimos d\u00edas, Luciana y yo hemos conversado profundamente y as\u00ed reconocimos los sentimientos que nos unen\u201d, indic\u00f3.<\/p>\n<p style=\"text-align: justify;\">\u201cEstos d\u00edas nos han acercado m\u00e1s y he visto en Luciana a esa mujer incre\u00edble que es\u201d, agreg\u00f3 Redrado, apostando a una reconciliaci\u00f3n.<\/p>\n<p style=\"text-align: justify;\">\u201cSomos conscientes y sentimos que ambos nos queremos y nos respetamos mucho y tenemos recuerdos \u00fanicos de momentos vividos\u201d, cerr\u00f3.<\/p>\n<p style=\"text-align: justify;\">Cabe destacar que en los \u00faltimos d\u00edas fuertes rumores indicaban que Susana Gim\u00e9nez estar\u00eda en tratativas con la pareja para anunciar la reconciliaci\u00f3n en su living.<\/p>\n","protected":false},"excerpt":{"rendered":"<p>Despu\u00e9s de la medi\u00e1tica ruptura donde existi\u00f3 hasta un comunicado, parece ser que el amor es m\u00e1s fuerte y la modelo y el pol\u00edtico planean volver.\u00a0 En di\u00e1logo con Teleshow.com, el economista se\u00f1al\u00f3 que el acercamiento se profundiz\u00f3. \u201cEn los \u00faltimos d\u00edas, Luciana y yo hemos conversado profundamente y as\u00ed reconocimos los sentimientos que nos [&hellip;]<\/p>\n","protected":false},"author":9,"featured_media":26922,"comment_status":"closed","ping_status":"closed","sticky":false,"template":"","format":"standard","meta":{"_seopress_robots_primary_cat":"","_seopress_titles_title":"","_seopress_titles_desc":"","_seopress_robots_index":"","footnotes":""},"categories":[4],"tags":[28766,28767],"class_list":{"0":"post-26915","1":"post","2":"type-post","3":"status-publish","4":"format-standard","5":"has-post-thumbnail","7":"category-famosos","8":"tag-luli-salazar-y-martin-redrado","9":"tag-reconciliacion-luli-salazar-y-martin-redrado"},"_links":{"self":[{"href":"https:\/\/www.cordobatimes.com\/showup\/wp-json\/wp\/v2\/posts\/26915","targetHints":{"allow":["GET"]}}],"collection":[{"href":"https:\/\/www.cordobatimes.com\/showup\/wp-json\/wp\/v2\/posts"}],"about":[{"href":"https:\/\/www.cordobatimes.com\/showup\/wp-json\/wp\/v2\/types\/post"}],"author":[{"embeddable":true,"href":"https:\/\/www.cordobatimes.com\/showup\/wp-json\/wp\/v2\/users\/9"}],"replies":[{"embeddable":true,"href":"https:\/\/www.cordobatimes.com\/showup\/wp-json\/wp\/v2\/comments?post=26915"}],"version-history":[{"count":0,"href":"https:\/\/www.cordobatimes.com\/showup\/wp-json\/wp\/v2\/posts\/26915\/revisions"}],"wp:featuredmedia":[{"embeddable":true,"href":"https:\/\/www.cordobatimes.com\/showup\/wp-json\/wp\/v2\/media\/26922"}],"wp:attachment":[{"href":"https:\/\/www.cordobatimes.com\/showup\/wp-json\/wp\/v2\/media?parent=26915"}],"wp:term":[{"taxonomy":"category","embeddable":true,"href":"https:\/\/www.cordobatimes.com\/showup\/wp-json\/wp\/v2\/categories?post=26915"},{"taxonomy":"post_tag","embeddable":true,"href":"https:\/\/www.cordobatimes.com\/showup\/wp-json\/wp\/v2\/tags?post=26915"}],"curies":[{"name":"wp","href":"https:\/\/api.w.org\/{rel}","templated":true}]}}