{"id":26911,"date":"2014-08-09T17:14:54","date_gmt":"2014-08-09T20:14:54","guid":{"rendered":"http:\/\/cordobatimes.com\/showup\/?p=26911"},"modified":"2020-01-26T11:06:24","modified_gmt":"2020-01-26T14:06:24","slug":"el-pocho-lavezzi-y-su-novia-hablaron-de-las-fotos-prohibidas","status":"publish","type":"post","link":"https:\/\/www.cordobatimes.com\/showup\/famosos\/2014\/08\/09\/el-pocho-lavezzi-y-su-novia-hablaron-de-las-fotos-prohibidas\/","title":{"rendered":"El Pocho Lavezzi y su novia hablaron de las fotos prohibidas"},"content":{"rendered":"<h3><strong>El futbolista y la modelo estuvieron en boca de todos hace unos d\u00edas por la salida a la luz de im\u00e1genes muy \u00edntimas.<\/strong><\/h3>\n<p>Pero el Lavezzi y su novia no s\u00f3lo se hicieron cargo de las fotos donde se lo puede ver a \u00e9l muy cerca de las partes \u00edntimas de ella, sino que adem\u00e1s se tomaron toda la cuesti\u00f3n a la ligera.<\/p>\n<p>\u00abEstas fotos no nos averg\u00fcenzan\u00bb, explicaron a la revista Paparazzi.<\/p>\n<p>Lavezzi y Screpante se encuentran de vacaciones por Ibiza, en Espa\u00f1a, desde donde la modelo comparti\u00f3 una serie de im\u00e1genes muy rom\u00e1nticas tanto en la playa como en eventos nocturnos.<\/p>\n<p>A vos, \u00bfqu\u00e9 te parece la declaraci\u00f3n del futbolista?<\/p>\n","protected":false},"excerpt":{"rendered":"<p>El futbolista y la modelo estuvieron en boca de todos hace unos d\u00edas por la salida a la luz de im\u00e1genes muy \u00edntimas. Pero el Lavezzi y su novia no s\u00f3lo se hicieron cargo de las fotos donde se lo puede ver a \u00e9l muy cerca de las partes \u00edntimas de ella, sino que adem\u00e1s [&hellip;]<\/p>\n","protected":false},"author":9,"featured_media":26931,"comment_status":"closed","ping_status":"closed","sticky":false,"template":"","format":"standard","meta":{"_seopress_robots_primary_cat":"","_seopress_titles_title":"","_seopress_titles_desc":"","_seopress_robots_index":"","footnotes":""},"categories":[4],"tags":[28764,28763],"class_list":{"0":"post-26911","1":"post","2":"type-post","3":"status-publish","4":"format-standard","5":"has-post-thumbnail","7":"category-famosos","8":"tag-fotos-intimas-del-pocho-lavezzi-y-yanina-screpante","9":"tag-pocho-lavezzi-y-yanina-screpante"},"_links":{"self":[{"href":"https:\/\/www.cordobatimes.com\/showup\/wp-json\/wp\/v2\/posts\/26911","targetHints":{"allow":["GET"]}}],"collection":[{"href":"https:\/\/www.cordobatimes.com\/showup\/wp-json\/wp\/v2\/posts"}],"about":[{"href":"https:\/\/www.cordobatimes.com\/showup\/wp-json\/wp\/v2\/types\/post"}],"author":[{"embeddable":true,"href":"https:\/\/www.cordobatimes.com\/showup\/wp-json\/wp\/v2\/users\/9"}],"replies":[{"embeddable":true,"href":"https:\/\/www.cordobatimes.com\/showup\/wp-json\/wp\/v2\/comments?post=26911"}],"version-history":[{"count":0,"href":"https:\/\/www.cordobatimes.com\/showup\/wp-json\/wp\/v2\/posts\/26911\/revisions"}],"wp:featuredmedia":[{"embeddable":true,"href":"https:\/\/www.cordobatimes.com\/showup\/wp-json\/wp\/v2\/media\/26931"}],"wp:attachment":[{"href":"https:\/\/www.cordobatimes.com\/showup\/wp-json\/wp\/v2\/media?parent=26911"}],"wp:term":[{"taxonomy":"category","embeddable":true,"href":"https:\/\/www.cordobatimes.com\/showup\/wp-json\/wp\/v2\/categories?post=26911"},{"taxonomy":"post_tag","embeddable":true,"href":"https:\/\/www.cordobatimes.com\/showup\/wp-json\/wp\/v2\/tags?post=26911"}],"curies":[{"name":"wp","href":"https:\/\/api.w.org\/{rel}","templated":true}]}}