{"id":26756,"date":"2014-08-07T12:39:46","date_gmt":"2014-08-07T15:39:46","guid":{"rendered":"http:\/\/cordobatimes.com\/showup\/?p=26756"},"modified":"2020-01-26T21:38:04","modified_gmt":"2020-01-27T00:38:04","slug":"cristian-castro-soy-una-lesbiana","status":"publish","type":"post","link":"https:\/\/www.cordobatimes.com\/showup\/famosos\/2014\/08\/07\/cristian-castro-soy-una-lesbiana\/","title":{"rendered":"Cristian Castro: \u00abSoy una lesbiana\u00bb"},"content":{"rendered":"<h3 style=\"text-align: justify;\"><strong>Despu\u00e9s de su foto en tanga y de sus extravagantes cambios de look, el cantante sorprendi\u00f3 con una fuert\u00edsima declaraci\u00f3n.\u00a0<\/strong><\/h3>\n<p style=\"text-align: justify;\">\u201cTal vez Dios se equivoc\u00f3. Hay mucha energ\u00eda femenina en todo lo que hago desde bien chiquito\u201d, se despach\u00f3 Cristian. \u201cHe crecido entre tres mujeres muy imponentes, tal vez mi peor castigo fue hacerme heterosexual\u00bb comenz\u00f3.<\/p>\n<p style=\"text-align: justify;\">A estas sorprendentes afirmaciones el m\u00fasico agreg\u00f3: \u00abCreo que, m\u00e1s que el hecho de que habite un homosexual dentro de m\u00ed o que viva en un cuerpo equivocado, soy una lesbiana. Soy una mujer y me gustan las mujeres\u201d, se anim\u00f3 a definirse el hijo de Ver\u00f3nica Castro.<\/p>\n<p style=\"text-align: justify;\">En tanto, el cantante asegur\u00f3 que su debut sexual fue a muy temprana edad y que no tiene nada que envidiarle a Julio Iglesias, ya que por su lecho pasaron m\u00e1s de dos mil mujeres.<\/p>\n","protected":false},"excerpt":{"rendered":"<p>Despu\u00e9s de su foto en tanga y de sus extravagantes cambios de look, el cantante sorprendi\u00f3 con una fuert\u00edsima declaraci\u00f3n.\u00a0 \u201cTal vez Dios se equivoc\u00f3. Hay mucha energ\u00eda femenina en todo lo que hago desde bien chiquito\u201d, se despach\u00f3 Cristian. \u201cHe crecido entre tres mujeres muy imponentes, tal vez mi peor castigo fue hacerme heterosexual\u00bb [&hellip;]<\/p>\n","protected":false},"author":9,"featured_media":26757,"comment_status":"closed","ping_status":"closed","sticky":false,"template":"","format":"standard","meta":{"_seopress_robots_primary_cat":"","_seopress_titles_title":"","_seopress_titles_desc":"","_seopress_robots_index":"","footnotes":""},"categories":[4],"tags":[28788,28789],"class_list":{"0":"post-26756","1":"post","2":"type-post","3":"status-publish","4":"format-standard","5":"has-post-thumbnail","7":"category-famosos","8":"tag-cristian-castro-lesbiana","9":"tag-elecciones-sexuales-de-cristian-castro"},"_links":{"self":[{"href":"https:\/\/www.cordobatimes.com\/showup\/wp-json\/wp\/v2\/posts\/26756","targetHints":{"allow":["GET"]}}],"collection":[{"href":"https:\/\/www.cordobatimes.com\/showup\/wp-json\/wp\/v2\/posts"}],"about":[{"href":"https:\/\/www.cordobatimes.com\/showup\/wp-json\/wp\/v2\/types\/post"}],"author":[{"embeddable":true,"href":"https:\/\/www.cordobatimes.com\/showup\/wp-json\/wp\/v2\/users\/9"}],"replies":[{"embeddable":true,"href":"https:\/\/www.cordobatimes.com\/showup\/wp-json\/wp\/v2\/comments?post=26756"}],"version-history":[{"count":0,"href":"https:\/\/www.cordobatimes.com\/showup\/wp-json\/wp\/v2\/posts\/26756\/revisions"}],"wp:featuredmedia":[{"embeddable":true,"href":"https:\/\/www.cordobatimes.com\/showup\/wp-json\/wp\/v2\/media\/26757"}],"wp:attachment":[{"href":"https:\/\/www.cordobatimes.com\/showup\/wp-json\/wp\/v2\/media?parent=26756"}],"wp:term":[{"taxonomy":"category","embeddable":true,"href":"https:\/\/www.cordobatimes.com\/showup\/wp-json\/wp\/v2\/categories?post=26756"},{"taxonomy":"post_tag","embeddable":true,"href":"https:\/\/www.cordobatimes.com\/showup\/wp-json\/wp\/v2\/tags?post=26756"}],"curies":[{"name":"wp","href":"https:\/\/api.w.org\/{rel}","templated":true}]}}