{"id":26622,"date":"2014-08-05T15:56:43","date_gmt":"2014-08-05T18:56:43","guid":{"rendered":"http:\/\/cordobatimes.com\/showup\/?p=26622"},"modified":"2020-01-27T09:17:21","modified_gmt":"2020-01-27T12:17:21","slug":"the-big-bang-theory-los-actores-cobraran-1-millon-de-dolares-por-capitulo","status":"publish","type":"post","link":"https:\/\/www.cordobatimes.com\/showup\/cine-y-series\/2014\/08\/05\/the-big-bang-theory-los-actores-cobraran-1-millon-de-dolares-por-capitulo\/","title":{"rendered":"\u00abThe Big Bang Theory\u00bb: los actores cobrar\u00e1n 1 mill\u00f3n de d\u00f3lares por cap\u00edtulo"},"content":{"rendered":"<h3 style=\"text-align: justify;\"><strong>Los tres divertidos protagonistas han llegado a un acuerdo y grabar\u00e1n al menos, tres temporadas m\u00e1s de la ficci\u00f3n de CBS que regresar\u00e1 a la peque\u00f1a pantalla el 22 de septiembre.<\/strong><\/h3>\n<p style=\"text-align: justify;\">Mucho se ha especulado sobre la continuidad del tr\u00edo protagonista en \u00abThe Big Bang Theory\u00bb luego de \u00a0producirse varias dificultades con la renovaci\u00f3n de sus respectivos contratos. Finalmente, la productora Warner Bross y CBS han llegado a un acuerdo y Jim Parsons, Kaley Cuoco y Johnny Galecki estar\u00e1n atados a la comedia, al menos, tres temporadas m\u00e1s.<\/p>\n<p style=\"text-align: justify;\">El primero en cerrar el trato fue Parsons el pasado domingo, seguido de Galecki y Cuoco. Los tres int\u00e9rpretes han conseguido renegociar sus contratos, y pasar\u00e1n a cobrar un mill\u00f3n de d\u00f3lares por cap\u00edtulo hasta los 72 programados, de la 8\u00aa a la 10\u00aa temporada. As\u00ed pues, el cach\u00e9 del tr\u00edo de protagonistas se iguala al que recibieron las estrellas principales de \u00abFriends\u00bb en sus \u00faltimas temporadas.<\/p>\n<p style=\"text-align: justify;\">Adem\u00e1s, el equipo de \u00abThe Big Bang Theory\u00bb deja la puerta abierta a una und\u00e9cima entrega, por lo que los seguidores de la exitosa sitcom disfrutar\u00e1n de las disparatadas historias de Leonard, Penny, Sheldon y compa\u00f1\u00eda por mucho m\u00e1s tiempo.<\/p>\n<p style=\"text-align: justify;\">CBS estrenar\u00e1 la octava temporada de la aclamada comedia el pr\u00f3ximo 22 de septiembre.<\/p>\n","protected":false},"excerpt":{"rendered":"<p>Los tres divertidos protagonistas han llegado a un acuerdo y grabar\u00e1n al menos, tres temporadas m\u00e1s de la ficci\u00f3n de CBS que regresar\u00e1 a la peque\u00f1a pantalla el 22 de septiembre. Mucho se ha especulado sobre la continuidad del tr\u00edo protagonista en \u00abThe Big Bang Theory\u00bb luego de \u00a0producirse varias dificultades con la renovaci\u00f3n de [&hellip;]<\/p>\n","protected":false},"author":9,"featured_media":26633,"comment_status":"closed","ping_status":"closed","sticky":false,"template":"","format":"standard","meta":{"_seopress_robots_primary_cat":"","_seopress_titles_title":"","_seopress_titles_desc":"","_seopress_robots_index":"","footnotes":""},"categories":[3],"tags":[28808,28809,28807],"class_list":{"0":"post-26622","1":"post","2":"type-post","3":"status-publish","4":"format-standard","5":"has-post-thumbnail","7":"category-cine-y-series","8":"tag-cuanto-cobran-los-actores-de-series","9":"tag-cuanto-cobran-los-actores-de-the-big-bang-theory","10":"tag-los-actores-de-the-big-bang-theory-cobraran-1-millon-de-dolares-por-capitulo"},"_links":{"self":[{"href":"https:\/\/www.cordobatimes.com\/showup\/wp-json\/wp\/v2\/posts\/26622","targetHints":{"allow":["GET"]}}],"collection":[{"href":"https:\/\/www.cordobatimes.com\/showup\/wp-json\/wp\/v2\/posts"}],"about":[{"href":"https:\/\/www.cordobatimes.com\/showup\/wp-json\/wp\/v2\/types\/post"}],"author":[{"embeddable":true,"href":"https:\/\/www.cordobatimes.com\/showup\/wp-json\/wp\/v2\/users\/9"}],"replies":[{"embeddable":true,"href":"https:\/\/www.cordobatimes.com\/showup\/wp-json\/wp\/v2\/comments?post=26622"}],"version-history":[{"count":0,"href":"https:\/\/www.cordobatimes.com\/showup\/wp-json\/wp\/v2\/posts\/26622\/revisions"}],"wp:featuredmedia":[{"embeddable":true,"href":"https:\/\/www.cordobatimes.com\/showup\/wp-json\/wp\/v2\/media\/26633"}],"wp:attachment":[{"href":"https:\/\/www.cordobatimes.com\/showup\/wp-json\/wp\/v2\/media?parent=26622"}],"wp:term":[{"taxonomy":"category","embeddable":true,"href":"https:\/\/www.cordobatimes.com\/showup\/wp-json\/wp\/v2\/categories?post=26622"},{"taxonomy":"post_tag","embeddable":true,"href":"https:\/\/www.cordobatimes.com\/showup\/wp-json\/wp\/v2\/tags?post=26622"}],"curies":[{"name":"wp","href":"https:\/\/api.w.org\/{rel}","templated":true}]}}