{"id":26616,"date":"2014-08-05T13:54:47","date_gmt":"2014-08-05T16:54:47","guid":{"rendered":"http:\/\/cordobatimes.com\/showup\/?p=26616"},"modified":"2020-01-27T09:22:40","modified_gmt":"2020-01-27T12:22:40","slug":"comenzo-el-rodaje-de-alicia-en-el-pais-de-las-maravillas-2","status":"publish","type":"post","link":"https:\/\/www.cordobatimes.com\/showup\/cine-y-series\/2014\/08\/05\/comenzo-el-rodaje-de-alicia-en-el-pais-de-las-maravillas-2\/","title":{"rendered":"Comenz\u00f3 el rodaje de \u00abAlicia en el Pa\u00eds de las Maravillas 2\u00bb"},"content":{"rendered":"<h3 style=\"text-align: justify;\"><b>\u00abThrough the Looking Glass\u00bb es el t\u00edtulo de la segunda parte que llegar\u00e1 a las pantallas en 2016 con Johnny Depp, Mia Wasikowska y Anne Hathaway como protagonistas.<\/b><\/h3>\n<p style=\"text-align: justify;\">La primera parte fue dirigida por Tim Burton en 2010 y \u00e9sta nueva entrega comienza el rodaje esta semana y llegar\u00e1 a las pantallas de cine el 27 de mayo de 2016.<\/p>\n<p style=\"text-align: justify;\">Ahora, \u00a0cambia de director -James Bobin ser\u00e1 el encargado de sacar adelante la producci\u00f3n- pero mantiene a los actores principales de la cinta original, Johnny Depp, Mia Wasikowska, Anne Hathaway, Helena Bonham Carter \u00a0y Matt Lucas.<\/p>\n<p style=\"text-align: justify;\">Adem\u00e1s, Disney ha observado a Rhys Ifans \u00a0para que d\u00e9 vida al padre del Sombrerero Loco; Ed Speleers, quien se pondr\u00e1 en la piel James Harcourt, y a Sacha Baron Cohen para que interprete a Time.<\/p>\n<p style=\"text-align: justify;\">\u00abAlice in Wonderland: Through the Looking Glass\u00bb hace un repaso a estas historias tan queridas por el gran p\u00fablico que el novelista ingl\u00e9s Lewis Carroll escribi\u00f3 a mediados del siglo XIX, aunque se centra principalmente en su segundo libro.<\/p>\n<p style=\"text-align: justify;\">Esta nueva entrega destaca por la inclusi\u00f3n de viajes, no s\u00f3lo desde la Tierra al querido Pa\u00eds de las Maravillas sino tambi\u00e9n a trav\u00e9s del espacio y del tiempo.<\/p>\n","protected":false},"excerpt":{"rendered":"<p>\u00abThrough the Looking Glass\u00bb es el t\u00edtulo de la segunda parte que llegar\u00e1 a las pantallas en 2016 con Johnny Depp, Mia Wasikowska y Anne Hathaway como protagonistas. La primera parte fue dirigida por Tim Burton en 2010 y \u00e9sta nueva entrega comienza el rodaje esta semana y llegar\u00e1 a las pantallas de cine el [&hellip;]<\/p>\n","protected":false},"author":9,"featured_media":26630,"comment_status":"closed","ping_status":"closed","sticky":false,"template":"","format":"standard","meta":{"_seopress_robots_primary_cat":"","_seopress_titles_title":"","_seopress_titles_desc":"","_seopress_robots_index":"","footnotes":""},"categories":[3],"tags":[8651,28811,28810,4751],"class_list":{"0":"post-26616","1":"post","2":"type-post","3":"status-publish","4":"format-standard","5":"has-post-thumbnail","7":"category-cine-y-series","8":"tag-alicia-en-el-pais-de-las-maravillas-2","9":"tag-johnny-depp-mia-wasikowska-y-anne-hathaway","10":"tag-rodaje-de-alicia-en-el-pais-de-las-maravillas-2","11":"tag-through-the-looking-glass"},"_links":{"self":[{"href":"https:\/\/www.cordobatimes.com\/showup\/wp-json\/wp\/v2\/posts\/26616","targetHints":{"allow":["GET"]}}],"collection":[{"href":"https:\/\/www.cordobatimes.com\/showup\/wp-json\/wp\/v2\/posts"}],"about":[{"href":"https:\/\/www.cordobatimes.com\/showup\/wp-json\/wp\/v2\/types\/post"}],"author":[{"embeddable":true,"href":"https:\/\/www.cordobatimes.com\/showup\/wp-json\/wp\/v2\/users\/9"}],"replies":[{"embeddable":true,"href":"https:\/\/www.cordobatimes.com\/showup\/wp-json\/wp\/v2\/comments?post=26616"}],"version-history":[{"count":0,"href":"https:\/\/www.cordobatimes.com\/showup\/wp-json\/wp\/v2\/posts\/26616\/revisions"}],"wp:featuredmedia":[{"embeddable":true,"href":"https:\/\/www.cordobatimes.com\/showup\/wp-json\/wp\/v2\/media\/26630"}],"wp:attachment":[{"href":"https:\/\/www.cordobatimes.com\/showup\/wp-json\/wp\/v2\/media?parent=26616"}],"wp:term":[{"taxonomy":"category","embeddable":true,"href":"https:\/\/www.cordobatimes.com\/showup\/wp-json\/wp\/v2\/categories?post=26616"},{"taxonomy":"post_tag","embeddable":true,"href":"https:\/\/www.cordobatimes.com\/showup\/wp-json\/wp\/v2\/tags?post=26616"}],"curies":[{"name":"wp","href":"https:\/\/api.w.org\/{rel}","templated":true}]}}