{"id":26586,"date":"2014-08-04T17:10:00","date_gmt":"2014-08-04T20:10:00","guid":{"rendered":"http:\/\/cordobatimes.com\/showup\/?p=26586"},"modified":"2020-01-27T17:27:02","modified_gmt":"2020-01-27T20:27:02","slug":"tini-stoessel-cantante-solista","status":"publish","type":"post","link":"https:\/\/www.cordobatimes.com\/showup\/musica\/2014\/08\/04\/tini-stoessel-cantante-solista\/","title":{"rendered":"Tini Stoessel \u00bfcantante solista?"},"content":{"rendered":"<h3 style=\"text-align: justify;\"><strong>La exitosa estrella teen se encuentra en uno de sus mejores momentos pero, en di\u00e1logo con Catalina Dlugi, confirm\u00f3 que vienen cambios.\u00a0<\/strong><\/h3>\n<p style=\"text-align: justify;\">Si bien todav\u00eda le queda una extensa gira por delante, la actriz ya est\u00e1 enfocada en lo que ser\u00e1 el despu\u00e9s de la exitosa tira infantil que cautiv\u00f3 a ni\u00f1os de argentina y varios pa\u00edses del mundo.<\/p>\n<p style=\"text-align: justify;\">A trav\u00e9s de \u00abLa Once Diez\u00bb, Stoessel afirm\u00f3: \u00abTodo esto que hice me dio un crecimiento personal impresionante, me voy muy agradecida. Estoy muy contenta porque se est\u00e1 armando mi documental, no puedo decir qu\u00e9 voy a hacer en el futuro pero se vienen cosas muy lindas\u00bb.<\/p>\n<p style=\"text-align: justify;\">Sin dudas, Martina tiene talento de sobra para seguir deslumbrando al p\u00fablico, aunque, en unos meses cuando \u00abVioletta\u00bb haya quedado en el pasado, lo har\u00e1 de manera individual.<\/p>\n<p style=\"text-align: justify;\">Fuente: pronto.com<\/p>\n","protected":false},"excerpt":{"rendered":"<p>La exitosa estrella teen se encuentra en uno de sus mejores momentos pero, en di\u00e1logo con Catalina Dlugi, confirm\u00f3 que vienen cambios.\u00a0 Si bien todav\u00eda le queda una extensa gira por delante, la actriz ya est\u00e1 enfocada en lo que ser\u00e1 el despu\u00e9s de la exitosa tira infantil que cautiv\u00f3 a ni\u00f1os de argentina y [&hellip;]<\/p>\n","protected":false},"author":9,"featured_media":26597,"comment_status":"closed","ping_status":"closed","sticky":false,"template":"","format":"standard","meta":{"_seopress_robots_primary_cat":"","_seopress_titles_title":"","_seopress_titles_desc":"","_seopress_robots_index":"","footnotes":""},"categories":[5],"tags":[28822],"class_list":{"0":"post-26586","1":"post","2":"type-post","3":"status-publish","4":"format-standard","5":"has-post-thumbnail","7":"category-musica","8":"tag-tini-stoessel-se-lanza-como-cantante"},"_links":{"self":[{"href":"https:\/\/www.cordobatimes.com\/showup\/wp-json\/wp\/v2\/posts\/26586","targetHints":{"allow":["GET"]}}],"collection":[{"href":"https:\/\/www.cordobatimes.com\/showup\/wp-json\/wp\/v2\/posts"}],"about":[{"href":"https:\/\/www.cordobatimes.com\/showup\/wp-json\/wp\/v2\/types\/post"}],"author":[{"embeddable":true,"href":"https:\/\/www.cordobatimes.com\/showup\/wp-json\/wp\/v2\/users\/9"}],"replies":[{"embeddable":true,"href":"https:\/\/www.cordobatimes.com\/showup\/wp-json\/wp\/v2\/comments?post=26586"}],"version-history":[{"count":0,"href":"https:\/\/www.cordobatimes.com\/showup\/wp-json\/wp\/v2\/posts\/26586\/revisions"}],"wp:featuredmedia":[{"embeddable":true,"href":"https:\/\/www.cordobatimes.com\/showup\/wp-json\/wp\/v2\/media\/26597"}],"wp:attachment":[{"href":"https:\/\/www.cordobatimes.com\/showup\/wp-json\/wp\/v2\/media?parent=26586"}],"wp:term":[{"taxonomy":"category","embeddable":true,"href":"https:\/\/www.cordobatimes.com\/showup\/wp-json\/wp\/v2\/categories?post=26586"},{"taxonomy":"post_tag","embeddable":true,"href":"https:\/\/www.cordobatimes.com\/showup\/wp-json\/wp\/v2\/tags?post=26586"}],"curies":[{"name":"wp","href":"https:\/\/api.w.org\/{rel}","templated":true}]}}