{"id":26584,"date":"2014-08-04T20:02:58","date_gmt":"2014-08-04T23:02:58","guid":{"rendered":"http:\/\/cordobatimes.com\/showup\/?p=26584"},"modified":"2020-01-27T17:17:12","modified_gmt":"2020-01-27T20:17:12","slug":"hermosa-isabel-macedo-protagonizo-la-ultima-campana-de-ricky-sarkany-fotos","status":"publish","type":"post","link":"https:\/\/www.cordobatimes.com\/showup\/moda-y-estilos\/2014\/08\/04\/hermosa-isabel-macedo-protagonizo-la-ultima-campana-de-ricky-sarkany-fotos\/","title":{"rendered":"\u00a1Hermosa! Isabel Macedo protagoniz\u00f3 la \u00faltima campa\u00f1a de Ricky Sarkany (Fotos)"},"content":{"rendered":"<h3 style=\"text-align: justify;\"><strong>La bella actriz de \u00abGuapas\u00bb comparti\u00f3 con sus seguidores de \u00a0Twitter un adelanto de las sensuales \u00a0fotos que realiz\u00f3 para la firma de zapatos y accesorios.<\/strong><\/h3>\n<p style=\"text-align: justify;\">\u00abLa producci\u00f3n va a ser DISTINTA. No recuerdo campa\u00f1a en la historia de la moda como la que desarrollaremos&#8230; \u00a1Esta no es una campa\u00f1a m\u00e1s!\u00bb, asegur\u00f3 m\u00e1s que entusiasmado Ricky sobre esta producci\u00f3n que fue realizada este domingo por la ma\u00f1ana.<\/p>\n<p style=\"text-align: justify;\">Por su parte, Isabel comparti\u00f3 s\u00f3lo algunas im\u00e1genes de lo que ser\u00e1 la gran campa\u00f1a de la que habl\u00f3 el empresario.<\/p>\n<p style=\"text-align: justify;\">El encargado, fot\u00f3grafo y director Gabriel Rocca fue qui\u00e9n plasm\u00f3 la belleza de la actriz y \u00a0el styling estuvo a cargo del peinador Diego Impagliazzo.<\/p>\n<p><iframe loading=\"lazy\" src=\"\/\/instagram.com\/p\/rQW65smZQo\/embed\/\" width=\"612\" height=\"710\" frameborder=\"0\" scrolling=\"no\"><\/iframe><\/p>\n<p><iframe loading=\"lazy\" src=\"\/\/instagram.com\/p\/rP1cwlGZS8\/embed\/\" width=\"612\" height=\"710\" frameborder=\"0\" scrolling=\"no\"><\/iframe><\/p>\n<blockquote class=\"twitter-tweet\" lang=\"es\"><p>Empezamos el styling <a href=\"https:\/\/twitter.com\/belisamacedo\">@belisamacedo<\/a> \u2606 <a href=\"https:\/\/twitter.com\/diegoimpa\">@diegoimpa<\/a> en accion. <a href=\"http:\/\/t.co\/psZ5WqDqcO\">pic.twitter.com\/psZ5WqDqcO<\/a><\/p>\n<p>\u2014 Ricky Sarkany (@RickySarkany) <a href=\"https:\/\/twitter.com\/RickySarkany\/statuses\/495931859101315073\">agosto 3, 2014<\/a><\/p><\/blockquote>\n<p>&nbsp;<\/p>\n","protected":false},"excerpt":{"rendered":"<p>La bella actriz de \u00abGuapas\u00bb comparti\u00f3 con sus seguidores de \u00a0Twitter un adelanto de las sensuales \u00a0fotos que realiz\u00f3 para la firma de zapatos y accesorios. \u00abLa producci\u00f3n va a ser DISTINTA. No recuerdo campa\u00f1a en la historia de la moda como la que desarrollaremos&#8230; \u00a1Esta no es una campa\u00f1a m\u00e1s!\u00bb, asegur\u00f3 m\u00e1s que entusiasmado [&hellip;]<\/p>\n","protected":false},"author":9,"featured_media":26611,"comment_status":"closed","ping_status":"closed","sticky":false,"template":"","format":"standard","meta":{"_seopress_robots_primary_cat":"","_seopress_titles_title":"","_seopress_titles_desc":"","_seopress_robots_index":"","footnotes":""},"categories":[228],"tags":[28667,28668],"class_list":{"0":"post-26584","1":"post","2":"type-post","3":"status-publish","4":"format-standard","5":"has-post-thumbnail","7":"category-moda-y-estilos","8":"tag-isabel-macedo-campana-de-ricky-sarkany","9":"tag-isabel-macedo-ricky-sarkany"},"_links":{"self":[{"href":"https:\/\/www.cordobatimes.com\/showup\/wp-json\/wp\/v2\/posts\/26584","targetHints":{"allow":["GET"]}}],"collection":[{"href":"https:\/\/www.cordobatimes.com\/showup\/wp-json\/wp\/v2\/posts"}],"about":[{"href":"https:\/\/www.cordobatimes.com\/showup\/wp-json\/wp\/v2\/types\/post"}],"author":[{"embeddable":true,"href":"https:\/\/www.cordobatimes.com\/showup\/wp-json\/wp\/v2\/users\/9"}],"replies":[{"embeddable":true,"href":"https:\/\/www.cordobatimes.com\/showup\/wp-json\/wp\/v2\/comments?post=26584"}],"version-history":[{"count":0,"href":"https:\/\/www.cordobatimes.com\/showup\/wp-json\/wp\/v2\/posts\/26584\/revisions"}],"wp:featuredmedia":[{"embeddable":true,"href":"https:\/\/www.cordobatimes.com\/showup\/wp-json\/wp\/v2\/media\/26611"}],"wp:attachment":[{"href":"https:\/\/www.cordobatimes.com\/showup\/wp-json\/wp\/v2\/media?parent=26584"}],"wp:term":[{"taxonomy":"category","embeddable":true,"href":"https:\/\/www.cordobatimes.com\/showup\/wp-json\/wp\/v2\/categories?post=26584"},{"taxonomy":"post_tag","embeddable":true,"href":"https:\/\/www.cordobatimes.com\/showup\/wp-json\/wp\/v2\/tags?post=26584"}],"curies":[{"name":"wp","href":"https:\/\/api.w.org\/{rel}","templated":true}]}}