{"id":26480,"date":"2014-08-03T11:26:46","date_gmt":"2014-08-03T14:26:46","guid":{"rendered":"http:\/\/cordobatimes.com\/showup\/?p=26480"},"modified":"2020-01-27T19:04:36","modified_gmt":"2020-01-27T22:04:36","slug":"no-lo-viste-cristian-u-se-despidio-de-pasion-de-sabado-video","status":"publish","type":"post","link":"https:\/\/www.cordobatimes.com\/showup\/tv\/2014\/08\/03\/no-lo-viste-cristian-u-se-despidio-de-pasion-de-sabado-video\/","title":{"rendered":"\u00bfNo lo viste? Cristian U se despidi\u00f3 de \u00abPasi\u00f3n de S\u00e1bado\u00bb (Video)"},"content":{"rendered":"<h3 style=\"text-align: justify;\"><strong>El ex Gran Hermano abandon\u00f3 ayer el ciclo de m\u00fasica tropical que condujo junto a Marcelo Ba\u00f1os desde junio del 2013.<\/strong><\/h3>\n<p style=\"text-align: justify;\">\u201cPas\u00e9 por este piso, por esta productora que para m\u00ed fue una escuela tremenda. Me abrieron una puerta gigante para seguir trabajando en el medio que es tan dif\u00edcil. Me voy con un grato recuerdo que fue haber conocido esto\u201d, destac\u00f3 Cristian quien tambi\u00e9n agradeci\u00f3 a Pablo Serantoni, Ser TV y Am\u00e9rica por la oportunidad.<\/p>\n<p style=\"text-align: justify;\">Adem\u00e1s, el programa comparti\u00f3 un compilado con los momentos m\u00e1s importantes del paso del conductor por el programa. \u201cHoy comienza una nueva etapa en su carrera profesional, que seas feliz por sobre todas las cosas\u201d, lo despidi\u00f3 Ba\u00f1os.<\/p>\n<p style=\"text-align: justify;\">\u201cQu\u00e9 viva Pasi\u00f3n, hace 25 a\u00f1os que est\u00e1 al aire, que dure 25 m\u00e1s\u201c, cerr\u00f3 Cristi\u00e1n, que lleg\u00f3 al programa tras la partida de Hern\u00e1n Caire, y ahora se desempe\u00f1a como panelista en \u00abAnimales Sueltos\u00bb, todas las noches con Alejandro Fantino.<\/p>\n<p><iframe loading=\"lazy\" src=\"\/\/www.youtube.com\/embed\/iaLQiwBFw6E\" width=\"420\" height=\"315\" frameborder=\"0\" allowfullscreen=\"allowfullscreen\"><\/iframe><\/p>\n","protected":false},"excerpt":{"rendered":"<p>El ex Gran Hermano abandon\u00f3 ayer el ciclo de m\u00fasica tropical que condujo junto a Marcelo Ba\u00f1os desde junio del 2013. \u201cPas\u00e9 por este piso, por esta productora que para m\u00ed fue una escuela tremenda. Me abrieron una puerta gigante para seguir trabajando en el medio que es tan dif\u00edcil. Me voy con un grato [&hellip;]<\/p>\n","protected":false},"author":9,"featured_media":26484,"comment_status":"closed","ping_status":"closed","sticky":false,"template":"","format":"standard","meta":{"_seopress_robots_primary_cat":"","_seopress_titles_title":"","_seopress_titles_desc":"","_seopress_robots_index":"","footnotes":""},"categories":[2],"tags":[28834,28833],"class_list":{"0":"post-26480","1":"post","2":"type-post","3":"status-publish","4":"format-standard","5":"has-post-thumbnail","7":"category-tv","8":"tag-cristian-u-en-pasion-de-sabado","9":"tag-cristian-u-se-despidio-de-pasion-de-sabado"},"_links":{"self":[{"href":"https:\/\/www.cordobatimes.com\/showup\/wp-json\/wp\/v2\/posts\/26480","targetHints":{"allow":["GET"]}}],"collection":[{"href":"https:\/\/www.cordobatimes.com\/showup\/wp-json\/wp\/v2\/posts"}],"about":[{"href":"https:\/\/www.cordobatimes.com\/showup\/wp-json\/wp\/v2\/types\/post"}],"author":[{"embeddable":true,"href":"https:\/\/www.cordobatimes.com\/showup\/wp-json\/wp\/v2\/users\/9"}],"replies":[{"embeddable":true,"href":"https:\/\/www.cordobatimes.com\/showup\/wp-json\/wp\/v2\/comments?post=26480"}],"version-history":[{"count":0,"href":"https:\/\/www.cordobatimes.com\/showup\/wp-json\/wp\/v2\/posts\/26480\/revisions"}],"wp:featuredmedia":[{"embeddable":true,"href":"https:\/\/www.cordobatimes.com\/showup\/wp-json\/wp\/v2\/media\/26484"}],"wp:attachment":[{"href":"https:\/\/www.cordobatimes.com\/showup\/wp-json\/wp\/v2\/media?parent=26480"}],"wp:term":[{"taxonomy":"category","embeddable":true,"href":"https:\/\/www.cordobatimes.com\/showup\/wp-json\/wp\/v2\/categories?post=26480"},{"taxonomy":"post_tag","embeddable":true,"href":"https:\/\/www.cordobatimes.com\/showup\/wp-json\/wp\/v2\/tags?post=26480"}],"curies":[{"name":"wp","href":"https:\/\/api.w.org\/{rel}","templated":true}]}}