{"id":26235,"date":"2014-07-30T18:36:55","date_gmt":"2014-07-30T21:36:55","guid":{"rendered":"http:\/\/cordobatimes.com\/showup\/?p=26235"},"modified":"2020-01-19T13:16:29","modified_gmt":"2020-01-19T16:16:29","slug":"lo-dijo-andrea-rincon-eugenia-rito-esta-enferma","status":"publish","type":"post","link":"https:\/\/www.cordobatimes.com\/showup\/famosos\/2014\/07\/30\/lo-dijo-andrea-rincon-eugenia-rito-esta-enferma\/","title":{"rendered":"Lo dijo Andrea Rinc\u00f3n: \u00abEugenia Rit\u00f3 est\u00e1 enferma\u00bb"},"content":{"rendered":"<h3><strong>Despu\u00e9s del llamativo video donde se la ve a Mar\u00eda actuando de manera muy rara, muchos fueron los que opinaron al respecto.<\/strong><\/h3>\n<p>Andrea Rinc\u00f3n dijo que la rubia \u00abest\u00e1 enferma, tiene una enfermedad\u00bb. Pero a la vez, la defendi\u00f3 de la exposici\u00f3n medi\u00e1tica que ha sufrido con este hecho.<\/p>\n<p>Andrea Rinc\u00f3n tambi\u00e9n estuvo internada en una cl\u00ednica de rehabilitaci\u00f3n por problemas con las drogas, se mostr\u00f3 sacudida por el hecho y dijo que \u00ablas drogas se dejan de un d\u00eda para otro, pero que la exposici\u00f3n medi\u00e1tica te deja en carne viva\u00bb.<\/p>\n<p>\u00abEl tratamiento me ayud\u00f3 a encontrarme conmigo misma y cambi\u00e9 mi vida por completo. Soy otra persona\u00bb, dijo.<\/p>\n","protected":false},"excerpt":{"rendered":"<p>Despu\u00e9s del llamativo video donde se la ve a Mar\u00eda actuando de manera muy rara, muchos fueron los que opinaron al respecto. Andrea Rinc\u00f3n dijo que la rubia \u00abest\u00e1 enferma, tiene una enfermedad\u00bb. Pero a la vez, la defendi\u00f3 de la exposici\u00f3n medi\u00e1tica que ha sufrido con este hecho. Andrea Rinc\u00f3n tambi\u00e9n estuvo internada en [&hellip;]<\/p>\n","protected":false},"author":9,"featured_media":26236,"comment_status":"closed","ping_status":"closed","sticky":false,"template":"","format":"standard","meta":{"_seopress_robots_primary_cat":"","_seopress_titles_title":"","_seopress_titles_desc":"","_seopress_robots_index":"","footnotes":""},"categories":[4],"tags":[28392],"class_list":{"0":"post-26235","1":"post","2":"type-post","3":"status-publish","4":"format-standard","5":"has-post-thumbnail","7":"category-famosos","8":"tag-andrea-rincon-eugenia-rito"},"_links":{"self":[{"href":"https:\/\/www.cordobatimes.com\/showup\/wp-json\/wp\/v2\/posts\/26235","targetHints":{"allow":["GET"]}}],"collection":[{"href":"https:\/\/www.cordobatimes.com\/showup\/wp-json\/wp\/v2\/posts"}],"about":[{"href":"https:\/\/www.cordobatimes.com\/showup\/wp-json\/wp\/v2\/types\/post"}],"author":[{"embeddable":true,"href":"https:\/\/www.cordobatimes.com\/showup\/wp-json\/wp\/v2\/users\/9"}],"replies":[{"embeddable":true,"href":"https:\/\/www.cordobatimes.com\/showup\/wp-json\/wp\/v2\/comments?post=26235"}],"version-history":[{"count":0,"href":"https:\/\/www.cordobatimes.com\/showup\/wp-json\/wp\/v2\/posts\/26235\/revisions"}],"wp:featuredmedia":[{"embeddable":true,"href":"https:\/\/www.cordobatimes.com\/showup\/wp-json\/wp\/v2\/media\/26236"}],"wp:attachment":[{"href":"https:\/\/www.cordobatimes.com\/showup\/wp-json\/wp\/v2\/media?parent=26235"}],"wp:term":[{"taxonomy":"category","embeddable":true,"href":"https:\/\/www.cordobatimes.com\/showup\/wp-json\/wp\/v2\/categories?post=26235"},{"taxonomy":"post_tag","embeddable":true,"href":"https:\/\/www.cordobatimes.com\/showup\/wp-json\/wp\/v2\/tags?post=26235"}],"curies":[{"name":"wp","href":"https:\/\/api.w.org\/{rel}","templated":true}]}}