{"id":26110,"date":"2014-07-29T14:20:03","date_gmt":"2014-07-29T17:20:03","guid":{"rendered":"http:\/\/cordobatimes.com\/showup\/?p=26110"},"modified":"2020-01-19T16:11:50","modified_gmt":"2020-01-19T19:11:50","slug":"fallecio-el-actor-arturo-goetz","status":"publish","type":"post","link":"https:\/\/www.cordobatimes.com\/showup\/famosos\/2014\/07\/29\/fallecio-el-actor-arturo-goetz\/","title":{"rendered":"Falleci\u00f3 el actor Arturo Goetz"},"content":{"rendered":"<h3 style=\"text-align: justify;\"><strong>Ganador del premio C\u00f3ndor de Plata por su papel de reparto en la pel\u00edcula \u201cDerecho de familia\u201d, muri\u00f3 a los 70 a\u00f1os.<\/strong><\/h3>\n<p style=\"text-align: justify;\">El artista, quien comenz\u00f3 a actuar profesionalmente en los a\u00f1os \u201990 con personajes secundarios en films como \u201cC\u00f3mplices\u201d, \u201cLa nube\u201d y \u201cEl Amateur\u201d, perdi\u00f3 la vida ayer por causas que no trascendieron, report\u00f3 en un comunicado de prensa la Asociaci\u00f3n Argentina de Actores (AAA).<\/p>\n<p style=\"text-align: justify;\">Goetz, en los \u00faltimos a\u00f1os, se destac\u00f3 por su participaci\u00f3n en pel\u00edculas como \u201cEl nido vac\u00edo\u201d, \u201cRompecabezas\u201d, \u201cLos condenados\u201d y \u201cMuerte en Buenos Aires\u201d, que lo llevaron a lograr destacadas participaciones en festivales internacionales como los de Berl\u00edn y San Sebasti\u00e1n.<\/p>\n<p style=\"text-align: justify;\">En televisi\u00f3n, trabaj\u00f3 en \u201cCampeones de la vida\u201d, \u201cSon amores\u201d, \u201cLo que el tiempo nos dej\u00f3\u201d, \u201cHistorias de div\u00e1n\u201d y \u201cMaltratadas\u201d, adem\u00e1s de ficciones transmitidas en Italia como \u201cDonne assesine\u201d y \u201cScusate il disturbo\u201d.<\/p>\n<p style=\"text-align: justify;\">En teatro, form\u00f3 parte de las obras de Susana Torres Molina \u201cTurning point\u201d, \u201cNada entre los dientes\u201d y \u201cPunto de viraje\u201d, adem\u00e1s de una participaci\u00f3n en \u201cCriaturas del aire\u201d, dirigida por Luciano C\u00e1ceres; y otra en \u201cLa tierra del cielo\u201d, de Juan Cosin.<\/p>\n<p style=\"text-align: justify;\">Fuente: DYN<\/p>\n","protected":false},"excerpt":{"rendered":"<p>Ganador del premio C\u00f3ndor de Plata por su papel de reparto en la pel\u00edcula \u201cDerecho de familia\u201d, muri\u00f3 a los 70 a\u00f1os. El artista, quien comenz\u00f3 a actuar profesionalmente en los a\u00f1os \u201990 con personajes secundarios en films como \u201cC\u00f3mplices\u201d, \u201cLa nube\u201d y \u201cEl Amateur\u201d, perdi\u00f3 la vida ayer por causas que no trascendieron, report\u00f3 [&hellip;]<\/p>\n","protected":false},"author":9,"featured_media":26111,"comment_status":"closed","ping_status":"closed","sticky":false,"template":"","format":"standard","meta":{"_seopress_robots_primary_cat":"","_seopress_titles_title":"","_seopress_titles_desc":"","_seopress_robots_index":"","footnotes":""},"categories":[4],"tags":[28402,28401,28400],"class_list":{"0":"post-26110","1":"post","2":"type-post","3":"status-publish","4":"format-standard","5":"has-post-thumbnail","7":"category-famosos","8":"tag-arturo-goetz-derecho-de-familia","9":"tag-arturo-goetz-premio-condor-de-plata","10":"tag-muerte-de-arturo-goetz"},"_links":{"self":[{"href":"https:\/\/www.cordobatimes.com\/showup\/wp-json\/wp\/v2\/posts\/26110","targetHints":{"allow":["GET"]}}],"collection":[{"href":"https:\/\/www.cordobatimes.com\/showup\/wp-json\/wp\/v2\/posts"}],"about":[{"href":"https:\/\/www.cordobatimes.com\/showup\/wp-json\/wp\/v2\/types\/post"}],"author":[{"embeddable":true,"href":"https:\/\/www.cordobatimes.com\/showup\/wp-json\/wp\/v2\/users\/9"}],"replies":[{"embeddable":true,"href":"https:\/\/www.cordobatimes.com\/showup\/wp-json\/wp\/v2\/comments?post=26110"}],"version-history":[{"count":0,"href":"https:\/\/www.cordobatimes.com\/showup\/wp-json\/wp\/v2\/posts\/26110\/revisions"}],"wp:featuredmedia":[{"embeddable":true,"href":"https:\/\/www.cordobatimes.com\/showup\/wp-json\/wp\/v2\/media\/26111"}],"wp:attachment":[{"href":"https:\/\/www.cordobatimes.com\/showup\/wp-json\/wp\/v2\/media?parent=26110"}],"wp:term":[{"taxonomy":"category","embeddable":true,"href":"https:\/\/www.cordobatimes.com\/showup\/wp-json\/wp\/v2\/categories?post=26110"},{"taxonomy":"post_tag","embeddable":true,"href":"https:\/\/www.cordobatimes.com\/showup\/wp-json\/wp\/v2\/tags?post=26110"}],"curies":[{"name":"wp","href":"https:\/\/api.w.org\/{rel}","templated":true}]}}