{"id":26105,"date":"2014-07-29T13:54:07","date_gmt":"2014-07-29T16:54:07","guid":{"rendered":"http:\/\/cordobatimes.com\/showup\/?p=26105"},"modified":"2020-01-19T16:11:57","modified_gmt":"2020-01-19T19:11:57","slug":"lo-confirmo-intrusos-habrian-liberado-al-papa-de-carlos-tevez","status":"publish","type":"post","link":"https:\/\/www.cordobatimes.com\/showup\/famosos\/2014\/07\/29\/lo-confirmo-intrusos-habrian-liberado-al-papa-de-carlos-tevez\/","title":{"rendered":"Lo confirm\u00f3 Intrusos: liberaron al pap\u00e1 de Carlos T\u00e9vez"},"content":{"rendered":"<h3><strong>En comunicaci\u00f3n con el abogado, el Doctor Galazo, el equipo del programa ahora conducido por Marcelo Polino di\u00f3 la primicia.<\/strong><\/h3>\n<p>\u00abEst\u00e1 bien, hay que esperar un poquito\u00bb fueron las declaraciones del letrado.<\/p>\n<p>Con el futbolista a punto de viajar, el padre estar\u00eda en buen estado de salud y ya habr\u00edan llegado a un acuerdo para que liberen al hombre.<\/p>\n<p>Por ahora la familia no dio declaraciones pero todo indicar\u00eda que \u00abest\u00e1 sano y salvo\u00bb.<\/p>\n<p>Seg\u00fan informaron periodistas de Am\u00e9rica TV lo liberaron en Capital y \u00a0la transacci\u00f3n se logr\u00f3 con \u00abmucho \u00e9xito\u00bb.<\/p>\n<p>&nbsp;<\/p>\n","protected":false},"excerpt":{"rendered":"<p>En comunicaci\u00f3n con el abogado, el Doctor Galazo, el equipo del programa ahora conducido por Marcelo Polino di\u00f3 la primicia. \u00abEst\u00e1 bien, hay que esperar un poquito\u00bb fueron las declaraciones del letrado. Con el futbolista a punto de viajar, el padre estar\u00eda en buen estado de salud y ya habr\u00edan llegado a un acuerdo para [&hellip;]<\/p>\n","protected":false},"author":9,"featured_media":26106,"comment_status":"closed","ping_status":"closed","sticky":false,"template":"","format":"standard","meta":{"_seopress_robots_primary_cat":"","_seopress_titles_title":"","_seopress_titles_desc":"","_seopress_robots_index":"","footnotes":""},"categories":[4],"tags":[28403,28404],"class_list":{"0":"post-26105","1":"post","2":"type-post","3":"status-publish","4":"format-standard","5":"has-post-thumbnail","7":"category-famosos","8":"tag-liberaron-al-papa-de-carlos-tevez","9":"tag-papa-de-carlos-tevez"},"_links":{"self":[{"href":"https:\/\/www.cordobatimes.com\/showup\/wp-json\/wp\/v2\/posts\/26105","targetHints":{"allow":["GET"]}}],"collection":[{"href":"https:\/\/www.cordobatimes.com\/showup\/wp-json\/wp\/v2\/posts"}],"about":[{"href":"https:\/\/www.cordobatimes.com\/showup\/wp-json\/wp\/v2\/types\/post"}],"author":[{"embeddable":true,"href":"https:\/\/www.cordobatimes.com\/showup\/wp-json\/wp\/v2\/users\/9"}],"replies":[{"embeddable":true,"href":"https:\/\/www.cordobatimes.com\/showup\/wp-json\/wp\/v2\/comments?post=26105"}],"version-history":[{"count":0,"href":"https:\/\/www.cordobatimes.com\/showup\/wp-json\/wp\/v2\/posts\/26105\/revisions"}],"wp:featuredmedia":[{"embeddable":true,"href":"https:\/\/www.cordobatimes.com\/showup\/wp-json\/wp\/v2\/media\/26106"}],"wp:attachment":[{"href":"https:\/\/www.cordobatimes.com\/showup\/wp-json\/wp\/v2\/media?parent=26105"}],"wp:term":[{"taxonomy":"category","embeddable":true,"href":"https:\/\/www.cordobatimes.com\/showup\/wp-json\/wp\/v2\/categories?post=26105"},{"taxonomy":"post_tag","embeddable":true,"href":"https:\/\/www.cordobatimes.com\/showup\/wp-json\/wp\/v2\/tags?post=26105"}],"curies":[{"name":"wp","href":"https:\/\/api.w.org\/{rel}","templated":true}]}}