{"id":26083,"date":"2014-07-29T12:17:02","date_gmt":"2014-07-29T15:17:02","guid":{"rendered":"http:\/\/cordobatimes.com\/showup\/?p=26083"},"modified":"2020-01-19T16:47:18","modified_gmt":"2020-01-19T19:47:18","slug":"secuestraron-al-padre-de-carlitos-tevez","status":"publish","type":"post","link":"https:\/\/www.cordobatimes.com\/showup\/famosos\/2014\/07\/29\/secuestraron-al-padre-de-carlitos-tevez\/","title":{"rendered":"Secuestraron al padre de Carlitos T\u00e9vez"},"content":{"rendered":"<h3 style=\"text-align: justify;\"><strong>El pap\u00e1 del jugador de f\u00fatbol sufri\u00f3 un robo y un secuestro en la localidad de Mor\u00f3n, en la zona oeste del conurbano.<\/strong><\/h3>\n<p style=\"text-align: justify;\">Segundo T\u00e9vez fue abordado por unos delincuentes que lo mantuvieron cautivo. El auto secuestrado apareci\u00f3 en Villa Devoto. La cu\u00f1ada del jugador hab\u00eda alertado al 911 sobre la desaparici\u00f3n del padre del jugador de Juventus.<\/p>\n<p style=\"text-align: justify;\">La familia tuvo un llamado extorsivo, les pidieron una suma de dinero y pagaron un rescate. La cifra no se sabe, pero el secuestro fue entre las cinco y las siete de la ma\u00f1ana.<\/p>\n<p style=\"text-align: justify;\">Seg\u00fan Ignacio Otero en TN, allegados a la familia aseguraron que Cabral se encuentra bien, pero luego se rectific\u00f3 y asegur\u00f3 que el tema es \u00abgrave\u00bb.<\/p>\n<p style=\"text-align: justify;\">Varios periodistas del medio han hablado hasta de la suma que habr\u00edan pedido: se tratar\u00eda de dos millones de pesos.<\/p>\n<p style=\"text-align: justify;\">El jugador de f\u00fatbol estar\u00eda viajando hacia nuestro pa\u00eds en estos momentos.<\/p>\n","protected":false},"excerpt":{"rendered":"<p>El pap\u00e1 del jugador de f\u00fatbol sufri\u00f3 un robo y un secuestro en la localidad de Mor\u00f3n, en la zona oeste del conurbano. Segundo T\u00e9vez fue abordado por unos delincuentes que lo mantuvieron cautivo. El auto secuestrado apareci\u00f3 en Villa Devoto. La cu\u00f1ada del jugador hab\u00eda alertado al 911 sobre la desaparici\u00f3n del padre del [&hellip;]<\/p>\n","protected":false},"author":9,"featured_media":26084,"comment_status":"closed","ping_status":"closed","sticky":false,"template":"","format":"standard","meta":{"_seopress_robots_primary_cat":"","_seopress_titles_title":"","_seopress_titles_desc":"","_seopress_robots_index":"","footnotes":""},"categories":[4],"tags":[28410],"class_list":{"0":"post-26083","1":"post","2":"type-post","3":"status-publish","4":"format-standard","5":"has-post-thumbnail","7":"category-famosos","8":"tag-secuestro-del-padre-de-carlos-tevez"},"_links":{"self":[{"href":"https:\/\/www.cordobatimes.com\/showup\/wp-json\/wp\/v2\/posts\/26083","targetHints":{"allow":["GET"]}}],"collection":[{"href":"https:\/\/www.cordobatimes.com\/showup\/wp-json\/wp\/v2\/posts"}],"about":[{"href":"https:\/\/www.cordobatimes.com\/showup\/wp-json\/wp\/v2\/types\/post"}],"author":[{"embeddable":true,"href":"https:\/\/www.cordobatimes.com\/showup\/wp-json\/wp\/v2\/users\/9"}],"replies":[{"embeddable":true,"href":"https:\/\/www.cordobatimes.com\/showup\/wp-json\/wp\/v2\/comments?post=26083"}],"version-history":[{"count":0,"href":"https:\/\/www.cordobatimes.com\/showup\/wp-json\/wp\/v2\/posts\/26083\/revisions"}],"wp:featuredmedia":[{"embeddable":true,"href":"https:\/\/www.cordobatimes.com\/showup\/wp-json\/wp\/v2\/media\/26084"}],"wp:attachment":[{"href":"https:\/\/www.cordobatimes.com\/showup\/wp-json\/wp\/v2\/media?parent=26083"}],"wp:term":[{"taxonomy":"category","embeddable":true,"href":"https:\/\/www.cordobatimes.com\/showup\/wp-json\/wp\/v2\/categories?post=26083"},{"taxonomy":"post_tag","embeddable":true,"href":"https:\/\/www.cordobatimes.com\/showup\/wp-json\/wp\/v2\/tags?post=26083"}],"curies":[{"name":"wp","href":"https:\/\/api.w.org\/{rel}","templated":true}]}}