{"id":26023,"date":"2014-07-28T17:28:02","date_gmt":"2014-07-28T20:28:02","guid":{"rendered":"http:\/\/cordobatimes.com\/showup\/?p=26023"},"modified":"2020-01-19T17:16:11","modified_gmt":"2020-01-19T20:16:11","slug":"the-walking-dead-estreno-el-trailer-de-su-5ta-temporada-video","status":"publish","type":"post","link":"https:\/\/www.cordobatimes.com\/showup\/cine-y-series\/2014\/07\/28\/the-walking-dead-estreno-el-trailer-de-su-5ta-temporada-video\/","title":{"rendered":"The Walking Dead estren\u00f3 el tr\u00e1iler de su 5ta temporada (Video)"},"content":{"rendered":"<h3 style=\"text-align: justify;\"><strong>El clip, de tres minutos y medio, comienza mostrando c\u00f3mo Rick y el resto de supervivientes consiguen escapar del vag\u00f3n en el que los habitantes de Terminus los encerraron en el \u00faltimo episodio de la cuarta entrega.<\/strong><\/h3>\n<p style=\"text-align: justify;\">\u00abSe est\u00e1n metiendo con la gente equivocada\u00bb, afirma Rick al comienzo del tr\u00e1iler. \u00ab\u00a1Disparen!\u00bb, exclama el sargento Abraham Ford (Michael Cudlitz), tras lo que los supervivientes salen del vag\u00f3n para volver a ser capturados por Gareth (Andrew J. West).<\/p>\n<p style=\"text-align: justify;\">\u00abEspero que entend\u00e1is que no quer\u00edamos haceros da\u00f1o. Nada de esto es personal\u00bb, explica Gareth, mientras los protagonistas permanecen atados y amordazados.<\/p>\n<p style=\"text-align: justify;\">\u00abNo nos volveremos a separar. Cuando lleguemos a Washington haremos que los zombies mueran y que los vivos recuperen el mundo\u00bb, anuncia el sargento Ford.<\/p>\n<p>Los \u00faltimos segundos del v\u00eddeo se centran en Beth Greene, quien estuvo desaparecida durante los \u00faltimos episodios de la cuarta temporada. \u00abCada sacrificio que hacemos tiene que ser por el bien com\u00fan\u00bb, dice Beth. \u00abT\u00fa formas parte del sistema\u00bb, le responde una polic\u00eda.<\/p>\n<p>La quinta temporada de The Walking Dead va tomando forma de cara a su estreno, que tendr\u00e1 lugar el 12 de octubre en AMC y tan solo un d\u00eda despu\u00e9s en FOX, y el creador de la ficci\u00f3n, Robert Kirkman, tiene muchas esperanzas en los nuevos episodios.<\/p>\n<p><iframe loading=\"lazy\" src=\"\/\/www.dailymotion.com\/embed\/video\/x224wv9\" width=\"480\" height=\"270\" frameborder=\"0\" allowfullscreen=\"allowfullscreen\"><\/iframe><br \/>\n<a href=\"http:\/\/www.dailymotion.com\/video\/x224wv9_the-walking-dead-season-5-official-trailer-1-full-hd-subtitulado-por-cinescondite_shortfilms\" target=\"_blank\" rel=\"noopener noreferrer\"><br \/>\n<\/a><i><\/i><\/p>\n","protected":false},"excerpt":{"rendered":"<p>El clip, de tres minutos y medio, comienza mostrando c\u00f3mo Rick y el resto de supervivientes consiguen escapar del vag\u00f3n en el que los habitantes de Terminus los encerraron en el \u00faltimo episodio de la cuarta entrega. \u00abSe est\u00e1n metiendo con la gente equivocada\u00bb, afirma Rick al comienzo del tr\u00e1iler. \u00ab\u00a1Disparen!\u00bb, exclama el sargento Abraham [&hellip;]<\/p>\n","protected":false},"author":9,"featured_media":26053,"comment_status":"closed","ping_status":"closed","sticky":false,"template":"","format":"standard","meta":{"_seopress_robots_primary_cat":"","_seopress_titles_title":"","_seopress_titles_desc":"","_seopress_robots_index":"","footnotes":""},"categories":[3],"tags":[7693,28413],"class_list":{"0":"post-26023","1":"post","2":"type-post","3":"status-publish","4":"format-standard","5":"has-post-thumbnail","7":"category-cine-y-series","8":"tag-5ta-temporada-de-the-walking-dead","9":"tag-trailer-de-la-5ta-temporada-de-the-walking-dead"},"_links":{"self":[{"href":"https:\/\/www.cordobatimes.com\/showup\/wp-json\/wp\/v2\/posts\/26023","targetHints":{"allow":["GET"]}}],"collection":[{"href":"https:\/\/www.cordobatimes.com\/showup\/wp-json\/wp\/v2\/posts"}],"about":[{"href":"https:\/\/www.cordobatimes.com\/showup\/wp-json\/wp\/v2\/types\/post"}],"author":[{"embeddable":true,"href":"https:\/\/www.cordobatimes.com\/showup\/wp-json\/wp\/v2\/users\/9"}],"replies":[{"embeddable":true,"href":"https:\/\/www.cordobatimes.com\/showup\/wp-json\/wp\/v2\/comments?post=26023"}],"version-history":[{"count":0,"href":"https:\/\/www.cordobatimes.com\/showup\/wp-json\/wp\/v2\/posts\/26023\/revisions"}],"wp:featuredmedia":[{"embeddable":true,"href":"https:\/\/www.cordobatimes.com\/showup\/wp-json\/wp\/v2\/media\/26053"}],"wp:attachment":[{"href":"https:\/\/www.cordobatimes.com\/showup\/wp-json\/wp\/v2\/media?parent=26023"}],"wp:term":[{"taxonomy":"category","embeddable":true,"href":"https:\/\/www.cordobatimes.com\/showup\/wp-json\/wp\/v2\/categories?post=26023"},{"taxonomy":"post_tag","embeddable":true,"href":"https:\/\/www.cordobatimes.com\/showup\/wp-json\/wp\/v2\/tags?post=26023"}],"curies":[{"name":"wp","href":"https:\/\/api.w.org\/{rel}","templated":true}]}}