{"id":25689,"date":"2014-07-25T16:45:45","date_gmt":"2014-07-25T19:45:45","guid":{"rendered":"http:\/\/cordobatimes.com\/showup\/?p=25689"},"modified":"2020-01-19T19:31:20","modified_gmt":"2020-01-19T22:31:20","slug":"nueva-moda-el-club-de-las-piernas-peludas","status":"publish","type":"post","link":"https:\/\/www.cordobatimes.com\/showup\/curiosidades\/2014\/07\/25\/nueva-moda-el-club-de-las-piernas-peludas\/","title":{"rendered":"Nueva moda: el Club de las Piernas Peludas"},"content":{"rendered":"<h3 style=\"text-align: justify;\"><strong>Cada vez son m\u00e1s las mujeres que hartas de la depilaci\u00f3n de sus pierdas han decidido romper estereotipos y dejar de ser esclavas de los rastrillos.<\/strong><\/h3>\n<p style=\"text-align: justify;\">Mujeres de todo el mundo que se est\u00e1n sumando al Club de las Piernas Peludas (Hairy Legs Club), que funciona en Tumblr y en el que las usuarias publican fotos de sus piernas sin depilar.<\/p>\n<p style=\"text-align: justify;\">Este movimiento ha tenido mucho apoyo y solidaridad entre las personas que participan porque creen que todo el mundo deber\u00eda tener total autonom\u00eda de su cuerpo, sin importar el g\u00e9nero de la persona.<\/p>\n<p style=\"text-align: justify;\">Seg\u00fan informaci\u00f3n de difundir.org, el movimiento incita a las mujeres a enviar sus fotos con vellos en las piernas como una forma feminista de \u201crebeld\u00eda\u201d ante la sociedad que impone c\u00f3mo deben de lucir las mujeres para estar siempre bellas.<\/p>\n<p style=\"text-align: justify;\"><a href=\"http:\/\/cordobatimes.com\/showup\/wp-content\/uploads\/2014\/07\/piernas-peludas.jpg\"><img loading=\"lazy\" decoding=\"async\" class=\"alignnone size-full wp-image-25785\" src=\"http:\/\/cordobatimes.com\/showup\/wp-content\/uploads\/2014\/07\/piernas-peludas.jpg\" alt=\"piernas peludas\" width=\"600\" height=\"400\" data-id=\"25785\" srcset=\"https:\/\/www.cordobatimes.com\/showup\/wp-content\/uploads\/2014\/07\/piernas-peludas.jpg 600w, https:\/\/www.cordobatimes.com\/showup\/wp-content\/uploads\/2014\/07\/piernas-peludas-300x200.jpg 300w\" sizes=\"auto, (max-width: 600px) 100vw, 600px\" \/><\/a><\/p>\n","protected":false},"excerpt":{"rendered":"<p>Cada vez son m\u00e1s las mujeres que hartas de la depilaci\u00f3n de sus pierdas han decidido romper estereotipos y dejar de ser esclavas de los rastrillos. Mujeres de todo el mundo que se est\u00e1n sumando al Club de las Piernas Peludas (Hairy Legs Club), que funciona en Tumblr y en el que las usuarias publican [&hellip;]<\/p>\n","protected":false},"author":9,"featured_media":25784,"comment_status":"closed","ping_status":"closed","sticky":false,"template":"","format":"standard","meta":{"_seopress_robots_primary_cat":"","_seopress_titles_title":"","_seopress_titles_desc":"","_seopress_robots_index":"","footnotes":""},"categories":[8],"tags":[8383,8384],"class_list":{"0":"post-25689","1":"post","2":"type-post","3":"status-publish","4":"format-standard","5":"has-post-thumbnail","7":"category-curiosidades","8":"tag-club-de-piernas-peludas","9":"tag-movimiento-anti-depilacion"},"_links":{"self":[{"href":"https:\/\/www.cordobatimes.com\/showup\/wp-json\/wp\/v2\/posts\/25689","targetHints":{"allow":["GET"]}}],"collection":[{"href":"https:\/\/www.cordobatimes.com\/showup\/wp-json\/wp\/v2\/posts"}],"about":[{"href":"https:\/\/www.cordobatimes.com\/showup\/wp-json\/wp\/v2\/types\/post"}],"author":[{"embeddable":true,"href":"https:\/\/www.cordobatimes.com\/showup\/wp-json\/wp\/v2\/users\/9"}],"replies":[{"embeddable":true,"href":"https:\/\/www.cordobatimes.com\/showup\/wp-json\/wp\/v2\/comments?post=25689"}],"version-history":[{"count":0,"href":"https:\/\/www.cordobatimes.com\/showup\/wp-json\/wp\/v2\/posts\/25689\/revisions"}],"wp:featuredmedia":[{"embeddable":true,"href":"https:\/\/www.cordobatimes.com\/showup\/wp-json\/wp\/v2\/media\/25784"}],"wp:attachment":[{"href":"https:\/\/www.cordobatimes.com\/showup\/wp-json\/wp\/v2\/media?parent=25689"}],"wp:term":[{"taxonomy":"category","embeddable":true,"href":"https:\/\/www.cordobatimes.com\/showup\/wp-json\/wp\/v2\/categories?post=25689"},{"taxonomy":"post_tag","embeddable":true,"href":"https:\/\/www.cordobatimes.com\/showup\/wp-json\/wp\/v2\/tags?post=25689"}],"curies":[{"name":"wp","href":"https:\/\/api.w.org\/{rel}","templated":true}]}}