{"id":25670,"date":"2014-07-24T12:28:55","date_gmt":"2014-07-24T15:28:55","guid":{"rendered":"http:\/\/cordobatimes.com\/showup\/?p=25670"},"modified":"2020-01-20T20:26:15","modified_gmt":"2020-01-20T23:26:15","slug":"llega-delirium-el-film-donde-ricardo-darin-hace-de-si-mismo-video","status":"publish","type":"post","link":"https:\/\/www.cordobatimes.com\/showup\/cine-y-series\/2014\/07\/24\/llega-delirium-el-film-donde-ricardo-darin-hace-de-si-mismo-video\/","title":{"rendered":"Llega \u00abDelirium\u00bb el film donde Ricardo Dar\u00edn hace de s\u00ed mismo (Video)"},"content":{"rendered":"<h3 style=\"text-align: justify;\"><strong>El pr\u00f3ximo 2 de octubre se estrena la pel\u00edcula de bajo presupuesto que ya tiene su primer y surrealista tr\u00e1iler.<\/strong><\/h3>\n<p style=\"text-align: justify;\">Hablamos de la \u00f3pera prima de Carlos Kaimakamian Carrau, protagonizada por Miguel Di Lemme, Ramiro Archain y Mariano Carrazzone, y en el que el actor de \u00abEl secreto de sus ojos\u00bb hace de s\u00ed mismo.<\/p>\n<p style=\"text-align: justify;\">Adem\u00e1s, el filme cuenta con participaciones especiales de Susana Gim\u00e9nez, quien hace de presidenta de la Naci\u00f3n, Diego Torres, Catalina Dlugi, D\u00e9bora P\u00e9rez Volpin, Sergio Lapeg\u00fce, Germ\u00e1n Paoloski, Guillermo Andino, M\u00f3nica Guti\u00e9rrez, Juan Miceli, Facundo Pastor, Mat\u00edas Martin y Elizabeth Vernaci.<\/p>\n<p style=\"text-align: justify;\">En declaraciones a El Pa\u00eds de Montevideo, Dar\u00edn cuenta que este \u00a0tipo de pel\u00edculas de bajo presupuesto como \u201cDelirium\u201d: \u00abson de esas cosas que me gusta hacer, sobre todo porque cuando te empez\u00e1s a ganar cierta reputaci\u00f3n est\u00e1s obligado a hacer s\u00f3lo cierto tipo de pel\u00edculas\u00bb dijo.<\/p>\n<p style=\"text-align: justify;\">Sobre el director del film, a quien Dar\u00edn conoce desde chico, coment\u00f3: \u00abA Charly, cuando \u00e9l ten\u00eda diez a\u00f1os, le pregunt\u00e9 qu\u00e9 iba a hacer de grande y me respondi\u00f3 que iba a ser director de cine. Y parece ser que le dije que cuando se convirtiera en director que me diera trabajo. Y el tipo se acord\u00f3 y me trajo un guion, por eso decid\u00ed acompa\u00f1arlo en esta primera aventura\u00bb.<\/p>\n<p><iframe loading=\"lazy\" src=\"\/\/www.youtube.com\/embed\/MnvnAwkcx1U\" width=\"560\" height=\"315\" frameborder=\"0\" allowfullscreen=\"allowfullscreen\"><\/iframe><\/p>\n","protected":false},"excerpt":{"rendered":"<p>El pr\u00f3ximo 2 de octubre se estrena la pel\u00edcula de bajo presupuesto que ya tiene su primer y surrealista tr\u00e1iler. Hablamos de la \u00f3pera prima de Carlos Kaimakamian Carrau, protagonizada por Miguel Di Lemme, Ramiro Archain y Mariano Carrazzone, y en el que el actor de \u00abEl secreto de sus ojos\u00bb hace de s\u00ed mismo. [&hellip;]<\/p>\n","protected":false},"author":9,"featured_media":25683,"comment_status":"closed","ping_status":"closed","sticky":false,"template":"","format":"standard","meta":{"_seopress_robots_primary_cat":"","_seopress_titles_title":"","_seopress_titles_desc":"","_seopress_robots_index":"","footnotes":""},"categories":[3],"tags":[28459,28460],"class_list":{"0":"post-25670","1":"post","2":"type-post","3":"status-publish","4":"format-standard","5":"has-post-thumbnail","7":"category-cine-y-series","8":"tag-delirium-ricardo-darin","9":"tag-film-donde-ricardo-darin-hace-de-si-mismo"},"_links":{"self":[{"href":"https:\/\/www.cordobatimes.com\/showup\/wp-json\/wp\/v2\/posts\/25670","targetHints":{"allow":["GET"]}}],"collection":[{"href":"https:\/\/www.cordobatimes.com\/showup\/wp-json\/wp\/v2\/posts"}],"about":[{"href":"https:\/\/www.cordobatimes.com\/showup\/wp-json\/wp\/v2\/types\/post"}],"author":[{"embeddable":true,"href":"https:\/\/www.cordobatimes.com\/showup\/wp-json\/wp\/v2\/users\/9"}],"replies":[{"embeddable":true,"href":"https:\/\/www.cordobatimes.com\/showup\/wp-json\/wp\/v2\/comments?post=25670"}],"version-history":[{"count":0,"href":"https:\/\/www.cordobatimes.com\/showup\/wp-json\/wp\/v2\/posts\/25670\/revisions"}],"wp:featuredmedia":[{"embeddable":true,"href":"https:\/\/www.cordobatimes.com\/showup\/wp-json\/wp\/v2\/media\/25683"}],"wp:attachment":[{"href":"https:\/\/www.cordobatimes.com\/showup\/wp-json\/wp\/v2\/media?parent=25670"}],"wp:term":[{"taxonomy":"category","embeddable":true,"href":"https:\/\/www.cordobatimes.com\/showup\/wp-json\/wp\/v2\/categories?post=25670"},{"taxonomy":"post_tag","embeddable":true,"href":"https:\/\/www.cordobatimes.com\/showup\/wp-json\/wp\/v2\/tags?post=25670"}],"curies":[{"name":"wp","href":"https:\/\/api.w.org\/{rel}","templated":true}]}}