{"id":25665,"date":"2014-07-24T11:11:43","date_gmt":"2014-07-24T14:11:43","guid":{"rendered":"http:\/\/cordobatimes.com\/showup\/?p=25665"},"modified":"2020-01-20T20:48:40","modified_gmt":"2020-01-20T23:48:40","slug":"silvina-luna-internada","status":"publish","type":"post","link":"https:\/\/www.cordobatimes.com\/showup\/famosos\/2014\/07\/24\/silvina-luna-internada\/","title":{"rendered":"Silvina Luna: internada"},"content":{"rendered":"<h3 style=\"text-align: justify;\"><strong>La modelo \u00a0ingres\u00f3 a \u00a0terapia intermedia del Hospital Italiano porte\u00f1o a causa de un cuadro de insuficiencia renal.<\/strong><\/h3>\n<p style=\"text-align: justify;\">Seg\u00fan inform\u00f3 hace minutos el portal de noticias RatingCero.com, Luna de 34 a\u00f1os se encuentra en la habitaci\u00f3n 1209 y la insuficiencia que sufri\u00f3 fue provocada por c\u00e1lculos renales.<\/p>\n<p style=\"text-align: justify;\">Recordemos que Silvina Luna ya hab\u00eda sido internada en marzo de este mismo a\u00f1o por la misma afecci\u00f3n, un problema que al parecer viene padeciendo hace dos a\u00f1os.<\/p>\n","protected":false},"excerpt":{"rendered":"<p>La modelo \u00a0ingres\u00f3 a \u00a0terapia intermedia del Hospital Italiano porte\u00f1o a causa de un cuadro de insuficiencia renal. Seg\u00fan inform\u00f3 hace minutos el portal de noticias RatingCero.com, Luna de 34 a\u00f1os se encuentra en la habitaci\u00f3n 1209 y la insuficiencia que sufri\u00f3 fue provocada por c\u00e1lculos renales. Recordemos que Silvina Luna ya hab\u00eda sido internada [&hellip;]<\/p>\n","protected":false},"author":9,"featured_media":25666,"comment_status":"closed","ping_status":"closed","sticky":false,"template":"","format":"standard","meta":{"_seopress_robots_primary_cat":"","_seopress_titles_title":"","_seopress_titles_desc":"","_seopress_robots_index":"","footnotes":""},"categories":[4],"tags":[28463],"class_list":{"0":"post-25665","1":"post","2":"type-post","3":"status-publish","4":"format-standard","5":"has-post-thumbnail","7":"category-famosos","8":"tag-silvina-luna-calculos-renales"},"_links":{"self":[{"href":"https:\/\/www.cordobatimes.com\/showup\/wp-json\/wp\/v2\/posts\/25665","targetHints":{"allow":["GET"]}}],"collection":[{"href":"https:\/\/www.cordobatimes.com\/showup\/wp-json\/wp\/v2\/posts"}],"about":[{"href":"https:\/\/www.cordobatimes.com\/showup\/wp-json\/wp\/v2\/types\/post"}],"author":[{"embeddable":true,"href":"https:\/\/www.cordobatimes.com\/showup\/wp-json\/wp\/v2\/users\/9"}],"replies":[{"embeddable":true,"href":"https:\/\/www.cordobatimes.com\/showup\/wp-json\/wp\/v2\/comments?post=25665"}],"version-history":[{"count":0,"href":"https:\/\/www.cordobatimes.com\/showup\/wp-json\/wp\/v2\/posts\/25665\/revisions"}],"wp:featuredmedia":[{"embeddable":true,"href":"https:\/\/www.cordobatimes.com\/showup\/wp-json\/wp\/v2\/media\/25666"}],"wp:attachment":[{"href":"https:\/\/www.cordobatimes.com\/showup\/wp-json\/wp\/v2\/media?parent=25665"}],"wp:term":[{"taxonomy":"category","embeddable":true,"href":"https:\/\/www.cordobatimes.com\/showup\/wp-json\/wp\/v2\/categories?post=25665"},{"taxonomy":"post_tag","embeddable":true,"href":"https:\/\/www.cordobatimes.com\/showup\/wp-json\/wp\/v2\/tags?post=25665"}],"curies":[{"name":"wp","href":"https:\/\/api.w.org\/{rel}","templated":true}]}}