{"id":25624,"date":"2014-07-23T16:37:57","date_gmt":"2014-07-23T19:37:57","guid":{"rendered":"http:\/\/cordobatimes.com\/showup\/?p=25624"},"modified":"2020-01-20T21:09:10","modified_gmt":"2020-01-21T00:09:10","slug":"carlitos-bala-preocupa-su-salud","status":"publish","type":"post","link":"https:\/\/www.cordobatimes.com\/showup\/famosos\/2014\/07\/23\/carlitos-bala-preocupa-su-salud\/","title":{"rendered":"Carlitos Bal\u00e1: preocupa su salud"},"content":{"rendered":"<h3 style=\"text-align: justify;\"><strong><span style=\"color: #000000;\">El actor se encuentra por estas horas en reposo por una arritmia que sufri\u00f3 ayer, que lo oblig\u00f3 a visitar una guardia m\u00e9dica, donde le indicaron que cese sus actividades.<\/span><\/strong><\/h3>\n<p style=\"text-align: justify;\"><span style=\"color: #000000;\">Oscar Licropani, representante del artista de 88 a\u00f1os, explic\u00f3 al diario Muy que el entra\u00f1able artista ayer \u201ccomenz\u00f3 a sentirse mal, fue a la guardia para hacerse un chequeo y los m\u00e9dicos le diagnosticaron una arritmia card\u00edaca\u201c.<\/span><\/p>\n<p style=\"text-align: justify;\"><span style=\"color: #000000;\">\u201cEst\u00e1 descansando y se recompuso\u201c, agreg\u00f3 el representante, y descart\u00f3 que vaya a presentarse este fin de semana en el Teatro El Nacional con Panam.<\/span><\/p>\n<p style=\"text-align: justify;\"><span style=\"color: #000000;\">La propia Laura Franco confirm\u00f3 que el entra\u00f1able actor no estar\u00e1 en las funciones del s\u00e1bado y domingo con Panam y Circo, dado que tiene que hacer reposo.<\/span><\/p>\n<blockquote class=\"twitter-tweet\" data-lang=\"es\">\n<p dir=\"ltr\" lang=\"es\">IMPORTANTE: Nuestro querido CARLITOS BAL\u00c1 no estar\u00e1 en las funciones del fin de semana por consejo y prescripci\u00f3n de sus m\u00e9dicos. (sigue)<\/p>\n<p>\u2014 Panam y Circo (@PanamyCirco) <a href=\"https:\/\/twitter.com\/PanamyCirco\/status\/491676838201417728?ref_src=twsrc%5Etfw\">22 de julio de 2014<\/a><\/p><\/blockquote>\n<p><script async src=\"https:\/\/platform.twitter.com\/widgets.js\" charset=\"utf-8\"><\/script><\/p>\n<blockquote class=\"twitter-tweet\" data-lang=\"es\">\n<p dir=\"ltr\" lang=\"es\">Carlitos Bal\u00e1 es un ser \u00fanico que amamos profundamente y queremos enviarle nuestro amor incondicional y deseos de pronta recuperaci\u00f3n!!<\/p>\n<p>\u2014 Panam y Circo (@PanamyCirco) <a href=\"https:\/\/twitter.com\/PanamyCirco\/status\/491676985752838144?ref_src=twsrc%5Etfw\">22 de julio de 2014<\/a><\/p><\/blockquote>\n<p><script async src=\"https:\/\/platform.twitter.com\/widgets.js\" charset=\"utf-8\"><\/script><\/p>\n","protected":false},"excerpt":{"rendered":"<p>El actor se encuentra por estas horas en reposo por una arritmia que sufri\u00f3 ayer, que lo oblig\u00f3 a visitar una guardia m\u00e9dica, donde le indicaron que cese sus actividades. Oscar Licropani, representante del artista de 88 a\u00f1os, explic\u00f3 al diario Muy que el entra\u00f1able artista ayer \u201ccomenz\u00f3 a sentirse mal, fue a la guardia [&hellip;]<\/p>\n","protected":false},"author":9,"featured_media":25642,"comment_status":"closed","ping_status":"closed","sticky":false,"template":"","format":"standard","meta":{"_seopress_robots_primary_cat":"","_seopress_titles_title":"","_seopress_titles_desc":"","_seopress_robots_index":"","footnotes":""},"categories":[4],"tags":[28470,28469],"class_list":{"0":"post-25624","1":"post","2":"type-post","3":"status-publish","4":"format-standard","5":"has-post-thumbnail","7":"category-famosos","8":"tag-carlitos-bala-panam-circo","9":"tag-estado-de-salud-de-carlitos-bala"},"_links":{"self":[{"href":"https:\/\/www.cordobatimes.com\/showup\/wp-json\/wp\/v2\/posts\/25624","targetHints":{"allow":["GET"]}}],"collection":[{"href":"https:\/\/www.cordobatimes.com\/showup\/wp-json\/wp\/v2\/posts"}],"about":[{"href":"https:\/\/www.cordobatimes.com\/showup\/wp-json\/wp\/v2\/types\/post"}],"author":[{"embeddable":true,"href":"https:\/\/www.cordobatimes.com\/showup\/wp-json\/wp\/v2\/users\/9"}],"replies":[{"embeddable":true,"href":"https:\/\/www.cordobatimes.com\/showup\/wp-json\/wp\/v2\/comments?post=25624"}],"version-history":[{"count":0,"href":"https:\/\/www.cordobatimes.com\/showup\/wp-json\/wp\/v2\/posts\/25624\/revisions"}],"wp:featuredmedia":[{"embeddable":true,"href":"https:\/\/www.cordobatimes.com\/showup\/wp-json\/wp\/v2\/media\/25642"}],"wp:attachment":[{"href":"https:\/\/www.cordobatimes.com\/showup\/wp-json\/wp\/v2\/media?parent=25624"}],"wp:term":[{"taxonomy":"category","embeddable":true,"href":"https:\/\/www.cordobatimes.com\/showup\/wp-json\/wp\/v2\/categories?post=25624"},{"taxonomy":"post_tag","embeddable":true,"href":"https:\/\/www.cordobatimes.com\/showup\/wp-json\/wp\/v2\/tags?post=25624"}],"curies":[{"name":"wp","href":"https:\/\/api.w.org\/{rel}","templated":true}]}}