{"id":25509,"date":"2014-07-21T23:02:24","date_gmt":"2014-07-22T02:02:24","guid":{"rendered":"http:\/\/cordobatimes.com\/showup\/?p=25509"},"modified":"2020-01-20T21:41:31","modified_gmt":"2020-01-21T00:41:31","slug":"carlos-vives-confirmo-el-embarazo-de-shakira","status":"publish","type":"post","link":"https:\/\/www.cordobatimes.com\/showup\/famosos\/2014\/07\/21\/carlos-vives-confirmo-el-embarazo-de-shakira\/","title":{"rendered":"Carlos Vives confirm\u00f3 el embarazo de Shakira"},"content":{"rendered":"<h3 style=\"text-align: justify;\"><strong>El reconocido m\u00fasico re confirm\u00f3 la gran noticia que tiene a la colombiana y al futbolista.\u00a0<\/strong><\/h3>\n<p style=\"text-align: justify;\">La noticia la brind\u00f3 durante la entrega de los Premios Juventud y afirm\u00f3 que los rumores sobre el hermanito de Milan son reales.<\/p>\n<p style=\"text-align: justify;\">Por lo tanto, la cantante y el futbolista ser\u00e1n padres por segunda vez.<\/p>\n<p style=\"text-align: justify;\">Seg\u00fan algunas fuentes, la cantante no tiene ni 3 meses de embarazo pero el defensa del FC Barcelona ya la cuida bastante para que el beb\u00e9 no sufra ninguna complicaci\u00f3n.<\/p>\n","protected":false},"excerpt":{"rendered":"<p>El reconocido m\u00fasico re confirm\u00f3 la gran noticia que tiene a la colombiana y al futbolista.\u00a0 La noticia la brind\u00f3 durante la entrega de los Premios Juventud y afirm\u00f3 que los rumores sobre el hermanito de Milan son reales. Por lo tanto, la cantante y el futbolista ser\u00e1n padres por segunda vez. Seg\u00fan algunas fuentes, [&hellip;]<\/p>\n","protected":false},"author":9,"featured_media":25511,"comment_status":"closed","ping_status":"closed","sticky":false,"template":"","format":"standard","meta":{"_seopress_robots_primary_cat":"","_seopress_titles_title":"","_seopress_titles_desc":"","_seopress_robots_index":"","footnotes":""},"categories":[4],"tags":[28477,8216],"class_list":{"0":"post-25509","1":"post","2":"type-post","3":"status-publish","4":"format-standard","5":"has-post-thumbnail","7":"category-famosos","8":"tag-carlos-vives-shakira","9":"tag-shakira-embarazada"},"_links":{"self":[{"href":"https:\/\/www.cordobatimes.com\/showup\/wp-json\/wp\/v2\/posts\/25509","targetHints":{"allow":["GET"]}}],"collection":[{"href":"https:\/\/www.cordobatimes.com\/showup\/wp-json\/wp\/v2\/posts"}],"about":[{"href":"https:\/\/www.cordobatimes.com\/showup\/wp-json\/wp\/v2\/types\/post"}],"author":[{"embeddable":true,"href":"https:\/\/www.cordobatimes.com\/showup\/wp-json\/wp\/v2\/users\/9"}],"replies":[{"embeddable":true,"href":"https:\/\/www.cordobatimes.com\/showup\/wp-json\/wp\/v2\/comments?post=25509"}],"version-history":[{"count":0,"href":"https:\/\/www.cordobatimes.com\/showup\/wp-json\/wp\/v2\/posts\/25509\/revisions"}],"wp:featuredmedia":[{"embeddable":true,"href":"https:\/\/www.cordobatimes.com\/showup\/wp-json\/wp\/v2\/media\/25511"}],"wp:attachment":[{"href":"https:\/\/www.cordobatimes.com\/showup\/wp-json\/wp\/v2\/media?parent=25509"}],"wp:term":[{"taxonomy":"category","embeddable":true,"href":"https:\/\/www.cordobatimes.com\/showup\/wp-json\/wp\/v2\/categories?post=25509"},{"taxonomy":"post_tag","embeddable":true,"href":"https:\/\/www.cordobatimes.com\/showup\/wp-json\/wp\/v2\/tags?post=25509"}],"curies":[{"name":"wp","href":"https:\/\/api.w.org\/{rel}","templated":true}]}}