{"id":25357,"date":"2014-07-19T15:39:14","date_gmt":"2014-07-19T18:39:14","guid":{"rendered":"http:\/\/cordobatimes.com\/showup\/?p=25357"},"modified":"2020-01-21T20:05:55","modified_gmt":"2020-01-21T23:05:55","slug":"la-mona-jimenez-se-presentara-en-el-luna-park","status":"publish","type":"post","link":"https:\/\/www.cordobatimes.com\/showup\/agenda\/2014\/07\/19\/la-mona-jimenez-se-presentara-en-el-luna-park\/","title":{"rendered":"La Mona Jim\u00e9nez se presentar\u00e1 en el Luna Park"},"content":{"rendered":"<h3 style=\"text-align: justify;\"><strong>El reconocido m\u00fasico vuelve al \u00a0emblem\u00e1tico Estadio para reencontrarse con sus miles de fans y seguidores porte\u00f1os, que ya aguardan ansiosos el encuentro con uno de los artistas m\u00e1s importantes de la m\u00fasica popular de Argentina.<\/strong><\/h3>\n<p style=\"text-align: justify;\">Sus 47 a\u00f1os con la m\u00fasica y 85 discos quedar\u00e1n plasmados en una sola noche, \u00a0y ser\u00e1 el 15 de octubre en el Estadio Luna Park.<\/p>\n<p style=\"text-align: justify;\">Nacido el 11 de enero de 1951, de \u201cuna masa de provincias\u201d (madre salte\u00f1a, padre tucumano, abuelos catamarque\u00f1os), es hoy el cordob\u00e9s m\u00e1s famoso.<\/p>\n<p style=\"text-align: justify;\">Ya lleva 47 a\u00f1os de carrera recorriendo los escenario m\u00e1s importantes del pa\u00eds, y el 15 de octubre en el Estadio Luna Park celebrar\u00e1 con el p\u00fablico porte\u00f1o la consagraci\u00f3n de un nuevo material discogr\u00e1fico.<\/p>\n","protected":false},"excerpt":{"rendered":"<p>El reconocido m\u00fasico vuelve al \u00a0emblem\u00e1tico Estadio para reencontrarse con sus miles de fans y seguidores porte\u00f1os, que ya aguardan ansiosos el encuentro con uno de los artistas m\u00e1s importantes de la m\u00fasica popular de Argentina. Sus 47 a\u00f1os con la m\u00fasica y 85 discos quedar\u00e1n plasmados en una sola noche, \u00a0y ser\u00e1 el 15 [&hellip;]<\/p>\n","protected":false},"author":9,"featured_media":25358,"comment_status":"closed","ping_status":"closed","sticky":false,"template":"","format":"standard","meta":{"_seopress_robots_primary_cat":"","_seopress_titles_title":"","_seopress_titles_desc":"","_seopress_robots_index":"","footnotes":""},"categories":[6],"tags":[8233],"class_list":{"0":"post-25357","1":"post","2":"type-post","3":"status-publish","4":"format-standard","5":"has-post-thumbnail","7":"category-agenda","8":"tag-la-mona-en-el-luna-park"},"_links":{"self":[{"href":"https:\/\/www.cordobatimes.com\/showup\/wp-json\/wp\/v2\/posts\/25357","targetHints":{"allow":["GET"]}}],"collection":[{"href":"https:\/\/www.cordobatimes.com\/showup\/wp-json\/wp\/v2\/posts"}],"about":[{"href":"https:\/\/www.cordobatimes.com\/showup\/wp-json\/wp\/v2\/types\/post"}],"author":[{"embeddable":true,"href":"https:\/\/www.cordobatimes.com\/showup\/wp-json\/wp\/v2\/users\/9"}],"replies":[{"embeddable":true,"href":"https:\/\/www.cordobatimes.com\/showup\/wp-json\/wp\/v2\/comments?post=25357"}],"version-history":[{"count":0,"href":"https:\/\/www.cordobatimes.com\/showup\/wp-json\/wp\/v2\/posts\/25357\/revisions"}],"wp:featuredmedia":[{"embeddable":true,"href":"https:\/\/www.cordobatimes.com\/showup\/wp-json\/wp\/v2\/media\/25358"}],"wp:attachment":[{"href":"https:\/\/www.cordobatimes.com\/showup\/wp-json\/wp\/v2\/media?parent=25357"}],"wp:term":[{"taxonomy":"category","embeddable":true,"href":"https:\/\/www.cordobatimes.com\/showup\/wp-json\/wp\/v2\/categories?post=25357"},{"taxonomy":"post_tag","embeddable":true,"href":"https:\/\/www.cordobatimes.com\/showup\/wp-json\/wp\/v2\/tags?post=25357"}],"curies":[{"name":"wp","href":"https:\/\/api.w.org\/{rel}","templated":true}]}}