{"id":25247,"date":"2014-07-17T23:52:10","date_gmt":"2014-07-18T02:52:10","guid":{"rendered":"http:\/\/cordobatimes.com\/showup\/?p=25247"},"modified":"2020-01-21T21:14:22","modified_gmt":"2020-01-22T00:14:22","slug":"medios-internacionales-confirman-embarazo-de-shakira","status":"publish","type":"post","link":"https:\/\/www.cordobatimes.com\/showup\/famosos\/2014\/07\/17\/medios-internacionales-confirman-embarazo-de-shakira\/","title":{"rendered":"Medios internacionales confirman embarazo de Shakira"},"content":{"rendered":"<h3 style=\"text-align: justify;\"><strong>La cantante sorprendi\u00f3 con el dudoso vestido para el cierre de la Copa del Mundo que eligi\u00f3 y que dejaba entrever una silueta que no es usual en ella, y los rumores indicar\u00edan que estar\u00eda nuevamente en la dulce espera.<\/strong><\/h3>\n<p style=\"text-align: justify;\">A ra\u00edz de estos rumores, el programa \u00abShow Caracol\u00bb de Colombia dio como confirmada la noticia y aseguraron que allegados y familiares a Shakira confirmaron que est\u00e1 embarazada de casi tres meses.<\/p>\n<p style=\"text-align: justify;\">Por su parte, las c\u00e1maras del ciclo colombiano fueron a Miami a buscar a la madre de la cantante, quien no quiso confirmar la noticia pero s\u00ed agradeci\u00f3 los saludos por la llegada de un nuevo nieto.<\/p>\n<p style=\"text-align: justify;\">Shakira, por su parte, antes del show en el Mundial hab\u00eda revelado que su suegra, la madre de Piqu\u00e9, le pide que tengan una nena, ya que ella tuvo hijos varones y su nieto tambi\u00e9n es hombre. \u00abVamos a ver qu\u00e9 depara el destino\u00bb, respondi\u00f3 la cantante.<\/p>\n","protected":false},"excerpt":{"rendered":"<p>La cantante sorprendi\u00f3 con el dudoso vestido para el cierre de la Copa del Mundo que eligi\u00f3 y que dejaba entrever una silueta que no es usual en ella, y los rumores indicar\u00edan que estar\u00eda nuevamente en la dulce espera. A ra\u00edz de estos rumores, el programa \u00abShow Caracol\u00bb de Colombia dio como confirmada la [&hellip;]<\/p>\n","protected":false},"author":9,"featured_media":25256,"comment_status":"closed","ping_status":"closed","sticky":false,"template":"","format":"standard","meta":{"_seopress_robots_primary_cat":"","_seopress_titles_title":"","_seopress_titles_desc":"","_seopress_robots_index":"","footnotes":""},"categories":[4],"tags":[8216],"class_list":{"0":"post-25247","1":"post","2":"type-post","3":"status-publish","4":"format-standard","5":"has-post-thumbnail","7":"category-famosos","8":"tag-shakira-embarazada"},"_links":{"self":[{"href":"https:\/\/www.cordobatimes.com\/showup\/wp-json\/wp\/v2\/posts\/25247","targetHints":{"allow":["GET"]}}],"collection":[{"href":"https:\/\/www.cordobatimes.com\/showup\/wp-json\/wp\/v2\/posts"}],"about":[{"href":"https:\/\/www.cordobatimes.com\/showup\/wp-json\/wp\/v2\/types\/post"}],"author":[{"embeddable":true,"href":"https:\/\/www.cordobatimes.com\/showup\/wp-json\/wp\/v2\/users\/9"}],"replies":[{"embeddable":true,"href":"https:\/\/www.cordobatimes.com\/showup\/wp-json\/wp\/v2\/comments?post=25247"}],"version-history":[{"count":0,"href":"https:\/\/www.cordobatimes.com\/showup\/wp-json\/wp\/v2\/posts\/25247\/revisions"}],"wp:featuredmedia":[{"embeddable":true,"href":"https:\/\/www.cordobatimes.com\/showup\/wp-json\/wp\/v2\/media\/25256"}],"wp:attachment":[{"href":"https:\/\/www.cordobatimes.com\/showup\/wp-json\/wp\/v2\/media?parent=25247"}],"wp:term":[{"taxonomy":"category","embeddable":true,"href":"https:\/\/www.cordobatimes.com\/showup\/wp-json\/wp\/v2\/categories?post=25247"},{"taxonomy":"post_tag","embeddable":true,"href":"https:\/\/www.cordobatimes.com\/showup\/wp-json\/wp\/v2\/tags?post=25247"}],"curies":[{"name":"wp","href":"https:\/\/api.w.org\/{rel}","templated":true}]}}