{"id":25206,"date":"2014-07-17T13:17:18","date_gmt":"2014-07-17T16:17:18","guid":{"rendered":"http:\/\/cordobatimes.com\/showup\/?p=25206"},"modified":"2020-01-21T21:49:23","modified_gmt":"2020-01-22T00:49:23","slug":"a-mirtha-ya-le-sacaron-el-yeso-video","status":"publish","type":"post","link":"https:\/\/www.cordobatimes.com\/showup\/tv\/2014\/07\/17\/a-mirtha-ya-le-sacaron-el-yeso-video\/","title":{"rendered":"\u00abA Mirtha ya le sacaron el yeso\u00bb (Video)"},"content":{"rendered":"<h3 style=\"text-align: justify;\"><strong>Sergio Company, el amigo y escen\u00f3grafo de la diva de los tel\u00e9fonos, habl\u00f3 en \u00abInfama\u00bb sobre la salud de la conductora.<\/strong><\/h3>\n<p style=\"text-align: justify;\">\u00abMirtha est\u00e1 bien, no tiene una enfermedad. Se fractur\u00f3. Tuvo un accidente y sufri\u00f3 esta consecuencia\u00bb, asegur\u00f3.<\/p>\n<p style=\"text-align: justify;\">Adem\u00e1s, cont\u00f3 que Mirtha est\u00e1 de buen humor y \u00abpara nada deca\u00edda\u00bb. \u00abYa le sacaron el yeso\u00bb, agreg\u00f3.<\/p>\n<p style=\"text-align: justify;\">No te pierdas del amigo de la \u00abChiqui\u00bb.<\/p>\n<p><iframe loading=\"lazy\" src=\"\/\/www.dailymotion.com\/embed\/video\/x21lgk4\" width=\"480\" height=\"270\" frameborder=\"0\" allowfullscreen=\"allowfullscreen\"><\/iframe><br \/>\n<a href=\"http:\/\/www.dailymotion.com\/video\/x21lgk4_pronto-com-ar-company-hablo-de-mirtha-legrand_tv\" target=\"_blank\" rel=\"noopener noreferrer\"><br \/>\n<\/a><i><\/i><\/p>\n","protected":false},"excerpt":{"rendered":"<p>Sergio Company, el amigo y escen\u00f3grafo de la diva de los tel\u00e9fonos, habl\u00f3 en \u00abInfama\u00bb sobre la salud de la conductora. \u00abMirtha est\u00e1 bien, no tiene una enfermedad. Se fractur\u00f3. Tuvo un accidente y sufri\u00f3 esta consecuencia\u00bb, asegur\u00f3. Adem\u00e1s, cont\u00f3 que Mirtha est\u00e1 de buen humor y \u00abpara nada deca\u00edda\u00bb. \u00abYa le sacaron el yeso\u00bb, [&hellip;]<\/p>\n","protected":false},"author":9,"featured_media":25207,"comment_status":"closed","ping_status":"closed","sticky":false,"template":"","format":"standard","meta":{"_seopress_robots_primary_cat":"","_seopress_titles_title":"","_seopress_titles_desc":"","_seopress_robots_index":"","footnotes":""},"categories":[2],"tags":[28513,28514],"class_list":{"0":"post-25206","1":"post","2":"type-post","3":"status-publish","4":"format-standard","5":"has-post-thumbnail","7":"category-tv","8":"tag-fractura-de-mirtha-legrand","9":"tag-mirtha-legrand-enyesada"},"_links":{"self":[{"href":"https:\/\/www.cordobatimes.com\/showup\/wp-json\/wp\/v2\/posts\/25206","targetHints":{"allow":["GET"]}}],"collection":[{"href":"https:\/\/www.cordobatimes.com\/showup\/wp-json\/wp\/v2\/posts"}],"about":[{"href":"https:\/\/www.cordobatimes.com\/showup\/wp-json\/wp\/v2\/types\/post"}],"author":[{"embeddable":true,"href":"https:\/\/www.cordobatimes.com\/showup\/wp-json\/wp\/v2\/users\/9"}],"replies":[{"embeddable":true,"href":"https:\/\/www.cordobatimes.com\/showup\/wp-json\/wp\/v2\/comments?post=25206"}],"version-history":[{"count":0,"href":"https:\/\/www.cordobatimes.com\/showup\/wp-json\/wp\/v2\/posts\/25206\/revisions"}],"wp:featuredmedia":[{"embeddable":true,"href":"https:\/\/www.cordobatimes.com\/showup\/wp-json\/wp\/v2\/media\/25207"}],"wp:attachment":[{"href":"https:\/\/www.cordobatimes.com\/showup\/wp-json\/wp\/v2\/media?parent=25206"}],"wp:term":[{"taxonomy":"category","embeddable":true,"href":"https:\/\/www.cordobatimes.com\/showup\/wp-json\/wp\/v2\/categories?post=25206"},{"taxonomy":"post_tag","embeddable":true,"href":"https:\/\/www.cordobatimes.com\/showup\/wp-json\/wp\/v2\/tags?post=25206"}],"curies":[{"name":"wp","href":"https:\/\/api.w.org\/{rel}","templated":true}]}}