{"id":25114,"date":"2014-07-16T15:15:21","date_gmt":"2014-07-16T18:15:21","guid":{"rendered":"http:\/\/cordobatimes.com\/showup\/?p=25114"},"modified":"2020-01-22T12:22:18","modified_gmt":"2020-01-22T15:22:18","slug":"murio-vilma-ferran","status":"publish","type":"post","link":"https:\/\/www.cordobatimes.com\/showup\/famosos\/2014\/07\/16\/murio-vilma-ferran\/","title":{"rendered":"Muri\u00f3 Vilma Ferr\u00e1n"},"content":{"rendered":"<h3 style=\"text-align: justify;\"><strong>El lunes 14 de julio falleci\u00f3 la reconocida actriz a los 73 a\u00f1os. Trabaj\u00f3 en cine, teatro, televisi\u00f3n y publicidad.<\/strong><\/h3>\n<p style=\"text-align: justify;\">Sus restos fueron trasladados al Pante\u00f3n de Actores en el Cementerio de la Chacarita.<\/p>\n<p style=\"text-align: justify;\">Vilma Ferr\u00e1n estudi\u00f3 artes esc\u00e9nicas con Carlos Casta\u00f1o, Adri\u00e1n Di Stefano y H\u00e9ctor Malamud.<\/p>\n<p style=\"text-align: justify;\">En teatro, particip\u00f3 en \u201cLuz de gas\u201d, \u201cMucho ruido y pocas nueces\u201d, \u201cLa importancia de llamarse Ernesto\u201d, \u201cPap\u00e1 querido\u201d, entre otras. Adem\u00e1s, escribi\u00f3 y dirigi\u00f3 la obra \u201cLa pluma en el sobre\u201d.<\/p>\n<p style=\"text-align: justify;\">En televisi\u00f3n, form\u00f3 parte de recordados ciclos como \u201cCasi Angeles\u201d, \u201cChiquititas\u201d, \u201cCasados con hijos\u201d, \u201cMi familia es un dibujo\u201d, \u201cNaranja y media\u201d, \u201cCampeones\u201d, \u201cEns\u00e9\u00f1ame a vivir\u201d, \u201cSon de fierro\u201d, \u201cMontecristo\u201d y \u201cResistir\u00e9\u201d, entre muchos otros.<\/p>\n<p style=\"text-align: justify;\">En cine, rod\u00f3 los films \u201cDormir al sol\u201d con Luis Mach\u00edn, Esther Goris y Florencia Pe\u00f1a; \u201cEl tesoro del portugu\u00e9s\u201d con Brian Torchia y Juan Carlos Puppo.<\/p>\n<p style=\"text-align: justify;\">Fuente: primiciasya.com<\/p>\n","protected":false},"excerpt":{"rendered":"<p>El lunes 14 de julio falleci\u00f3 la reconocida actriz a los 73 a\u00f1os. Trabaj\u00f3 en cine, teatro, televisi\u00f3n y publicidad. Sus restos fueron trasladados al Pante\u00f3n de Actores en el Cementerio de la Chacarita. Vilma Ferr\u00e1n estudi\u00f3 artes esc\u00e9nicas con Carlos Casta\u00f1o, Adri\u00e1n Di Stefano y H\u00e9ctor Malamud. En teatro, particip\u00f3 en \u201cLuz de gas\u201d, [&hellip;]<\/p>\n","protected":false},"author":9,"featured_media":25146,"comment_status":"closed","ping_status":"closed","sticky":false,"template":"","format":"standard","meta":{"_seopress_robots_primary_cat":"","_seopress_titles_title":"","_seopress_titles_desc":"","_seopress_robots_index":"","footnotes":""},"categories":[4],"tags":[28525],"class_list":{"0":"post-25114","1":"post","2":"type-post","3":"status-publish","4":"format-standard","5":"has-post-thumbnail","7":"category-famosos","8":"tag-muerte-de-vilma-ferran"},"_links":{"self":[{"href":"https:\/\/www.cordobatimes.com\/showup\/wp-json\/wp\/v2\/posts\/25114","targetHints":{"allow":["GET"]}}],"collection":[{"href":"https:\/\/www.cordobatimes.com\/showup\/wp-json\/wp\/v2\/posts"}],"about":[{"href":"https:\/\/www.cordobatimes.com\/showup\/wp-json\/wp\/v2\/types\/post"}],"author":[{"embeddable":true,"href":"https:\/\/www.cordobatimes.com\/showup\/wp-json\/wp\/v2\/users\/9"}],"replies":[{"embeddable":true,"href":"https:\/\/www.cordobatimes.com\/showup\/wp-json\/wp\/v2\/comments?post=25114"}],"version-history":[{"count":0,"href":"https:\/\/www.cordobatimes.com\/showup\/wp-json\/wp\/v2\/posts\/25114\/revisions"}],"wp:featuredmedia":[{"embeddable":true,"href":"https:\/\/www.cordobatimes.com\/showup\/wp-json\/wp\/v2\/media\/25146"}],"wp:attachment":[{"href":"https:\/\/www.cordobatimes.com\/showup\/wp-json\/wp\/v2\/media?parent=25114"}],"wp:term":[{"taxonomy":"category","embeddable":true,"href":"https:\/\/www.cordobatimes.com\/showup\/wp-json\/wp\/v2\/categories?post=25114"},{"taxonomy":"post_tag","embeddable":true,"href":"https:\/\/www.cordobatimes.com\/showup\/wp-json\/wp\/v2\/tags?post=25114"}],"curies":[{"name":"wp","href":"https:\/\/api.w.org\/{rel}","templated":true}]}}