{"id":25026,"date":"2014-07-15T00:55:43","date_gmt":"2014-07-15T03:55:43","guid":{"rendered":"http:\/\/cordobatimes.com\/showup\/?p=25026"},"modified":"2020-01-22T13:11:48","modified_gmt":"2020-01-22T16:11:48","slug":"las-insoladas-luisana-lopilato-y-carla-peterson-vuelven-al-cine","status":"publish","type":"post","link":"https:\/\/www.cordobatimes.com\/showup\/cine-y-series\/2014\/07\/15\/las-insoladas-luisana-lopilato-y-carla-peterson-vuelven-al-cine\/","title":{"rendered":"\u00abLas insoladas\u00bb: Luisana Lopilato y Carla Peterson vuelven al cine"},"content":{"rendered":"<h3 style=\"text-align: justify;\"><strong>El 11 de septiembre \u00a0se estrenar\u00e1 un nuevo proyecto cinematogr\u00e1fico, que surge de la industria nacional.<\/strong><\/h3>\n<p style=\"text-align: justify;\">Con direcci\u00f3n de Gustavo Taretto, llega el nuevo film de Luisana Lopilato, Carla Peterson, Violeta Urtizberea, Elisa Carrricajo, Maricel \u00c1lvarez y Marina Bellati. Se llamar\u00e1 \u201cLas insoladas\u201d.<\/p>\n<p style=\"text-align: justify;\">Las seis actrices filmaron durante largas jornadas en el verano pasado, muertas de calor, im\u00e1genes de esta pel\u00edcula que transcurre en 1995, en una terraza porte\u00f1a.<\/p>\n<p style=\"text-align: justify;\">No te pierdas el trailer.<\/p>\n<p><iframe loading=\"lazy\" src=\"\/\/www.youtube.com\/embed\/oy9zopQOhQg\" width=\"560\" height=\"315\" frameborder=\"0\" allowfullscreen=\"allowfullscreen\"><\/iframe><\/p>\n","protected":false},"excerpt":{"rendered":"<p>El 11 de septiembre \u00a0se estrenar\u00e1 un nuevo proyecto cinematogr\u00e1fico, que surge de la industria nacional. Con direcci\u00f3n de Gustavo Taretto, llega el nuevo film de Luisana Lopilato, Carla Peterson, Violeta Urtizberea, Elisa Carrricajo, Maricel \u00c1lvarez y Marina Bellati. Se llamar\u00e1 \u201cLas insoladas\u201d. Las seis actrices filmaron durante largas jornadas en el verano pasado, muertas [&hellip;]<\/p>\n","protected":false},"author":9,"featured_media":25027,"comment_status":"closed","ping_status":"closed","sticky":false,"template":"","format":"standard","meta":{"_seopress_robots_primary_cat":"","_seopress_titles_title":"","_seopress_titles_desc":"","_seopress_robots_index":"","footnotes":""},"categories":[3],"tags":[28536],"class_list":{"0":"post-25026","1":"post","2":"type-post","3":"status-publish","4":"format-standard","5":"has-post-thumbnail","7":"category-cine-y-series","8":"tag-pelicula-las-insoladas"},"_links":{"self":[{"href":"https:\/\/www.cordobatimes.com\/showup\/wp-json\/wp\/v2\/posts\/25026","targetHints":{"allow":["GET"]}}],"collection":[{"href":"https:\/\/www.cordobatimes.com\/showup\/wp-json\/wp\/v2\/posts"}],"about":[{"href":"https:\/\/www.cordobatimes.com\/showup\/wp-json\/wp\/v2\/types\/post"}],"author":[{"embeddable":true,"href":"https:\/\/www.cordobatimes.com\/showup\/wp-json\/wp\/v2\/users\/9"}],"replies":[{"embeddable":true,"href":"https:\/\/www.cordobatimes.com\/showup\/wp-json\/wp\/v2\/comments?post=25026"}],"version-history":[{"count":0,"href":"https:\/\/www.cordobatimes.com\/showup\/wp-json\/wp\/v2\/posts\/25026\/revisions"}],"wp:featuredmedia":[{"embeddable":true,"href":"https:\/\/www.cordobatimes.com\/showup\/wp-json\/wp\/v2\/media\/25027"}],"wp:attachment":[{"href":"https:\/\/www.cordobatimes.com\/showup\/wp-json\/wp\/v2\/media?parent=25026"}],"wp:term":[{"taxonomy":"category","embeddable":true,"href":"https:\/\/www.cordobatimes.com\/showup\/wp-json\/wp\/v2\/categories?post=25026"},{"taxonomy":"post_tag","embeddable":true,"href":"https:\/\/www.cordobatimes.com\/showup\/wp-json\/wp\/v2\/tags?post=25026"}],"curies":[{"name":"wp","href":"https:\/\/api.w.org\/{rel}","templated":true}]}}