{"id":24976,"date":"2014-07-14T16:57:21","date_gmt":"2014-07-14T19:57:21","guid":{"rendered":"http:\/\/cordobatimes.com\/showup\/?p=24976"},"modified":"2020-01-22T20:31:53","modified_gmt":"2020-01-22T23:31:53","slug":"no-lo-viste-sabella-se-vengo-de-la-broma-del-pocho-video","status":"publish","type":"post","link":"https:\/\/www.cordobatimes.com\/showup\/tv\/2014\/07\/14\/no-lo-viste-sabella-se-vengo-de-la-broma-del-pocho-video\/","title":{"rendered":"\u00bfNo lo viste? Sabella se veng\u00f3 de la broma del \u00abPocho\u00bb (Video)"},"content":{"rendered":"<h3 style=\"text-align: justify;\"><strong>El Seleccionado argentino arrib\u00f3 a nuestro pa\u00eds esta ma\u00f1ana y se junt\u00f3 con la Presidente de la Naci\u00f3n, Cristina Fern\u00e1ndez.\u00a0<\/strong><\/h3>\n<p style=\"text-align: justify;\">En medio de las palabras de algunos jugadores, el Director T\u00e9cnico, Sabella decidi\u00f3 hacer un poco menos dram\u00e1tica la ceremonia y brome\u00f3 con el Pocho Lavezzi.<\/p>\n<p style=\"text-align: justify;\">No te pierdas el divertido momento.<\/p>\n<p><iframe loading=\"lazy\" src=\"\/\/www.dailymotion.com\/embed\/video\/x21gjjh\" width=\"480\" height=\"270\" frameborder=\"0\" allowfullscreen=\"allowfullscreen\"><\/iframe><br \/>\n<a href=\"http:\/\/www.dailymotion.com\/video\/x21gjjh_pronto-com-ar-lavezzi-y-una-parodia-que-no-se-olvida_shortfilms\" target=\"_blank\" rel=\"noopener noreferrer\"><br \/>\n<\/a><i><\/i><\/p>\n","protected":false},"excerpt":{"rendered":"<p>El Seleccionado argentino arrib\u00f3 a nuestro pa\u00eds esta ma\u00f1ana y se junt\u00f3 con la Presidente de la Naci\u00f3n, Cristina Fern\u00e1ndez.\u00a0 En medio de las palabras de algunos jugadores, el Director T\u00e9cnico, Sabella decidi\u00f3 hacer un poco menos dram\u00e1tica la ceremonia y brome\u00f3 con el Pocho Lavezzi. No te pierdas el divertido momento.<\/p>\n","protected":false},"author":9,"featured_media":0,"comment_status":"closed","ping_status":"closed","sticky":false,"template":"","format":"standard","meta":{"_seopress_robots_primary_cat":"","_seopress_titles_title":"","_seopress_titles_desc":"","_seopress_robots_index":"","footnotes":""},"categories":[2],"tags":[28541,28542],"class_list":{"0":"post-24976","1":"post","2":"type-post","3":"status-publish","4":"format-standard","6":"category-tv","7":"tag-alejandro-sabella-bromeo-con-el-pocho-lavezzi","8":"tag-alejandro-sabella-pocho-lavezzi"},"_links":{"self":[{"href":"https:\/\/www.cordobatimes.com\/showup\/wp-json\/wp\/v2\/posts\/24976","targetHints":{"allow":["GET"]}}],"collection":[{"href":"https:\/\/www.cordobatimes.com\/showup\/wp-json\/wp\/v2\/posts"}],"about":[{"href":"https:\/\/www.cordobatimes.com\/showup\/wp-json\/wp\/v2\/types\/post"}],"author":[{"embeddable":true,"href":"https:\/\/www.cordobatimes.com\/showup\/wp-json\/wp\/v2\/users\/9"}],"replies":[{"embeddable":true,"href":"https:\/\/www.cordobatimes.com\/showup\/wp-json\/wp\/v2\/comments?post=24976"}],"version-history":[{"count":0,"href":"https:\/\/www.cordobatimes.com\/showup\/wp-json\/wp\/v2\/posts\/24976\/revisions"}],"wp:attachment":[{"href":"https:\/\/www.cordobatimes.com\/showup\/wp-json\/wp\/v2\/media?parent=24976"}],"wp:term":[{"taxonomy":"category","embeddable":true,"href":"https:\/\/www.cordobatimes.com\/showup\/wp-json\/wp\/v2\/categories?post=24976"},{"taxonomy":"post_tag","embeddable":true,"href":"https:\/\/www.cordobatimes.com\/showup\/wp-json\/wp\/v2\/tags?post=24976"}],"curies":[{"name":"wp","href":"https:\/\/api.w.org\/{rel}","templated":true}]}}