{"id":24972,"date":"2014-07-14T19:03:11","date_gmt":"2014-07-14T22:03:11","guid":{"rendered":"http:\/\/cordobatimes.com\/showup\/?p=24972"},"modified":"2020-01-22T20:22:22","modified_gmt":"2020-01-22T23:22:22","slug":"el-rifle-varela-hablo-del-piropo-de-karina-jelinek","status":"publish","type":"post","link":"https:\/\/www.cordobatimes.com\/showup\/famosos\/2014\/07\/14\/el-rifle-varela-hablo-del-piropo-de-karina-jelinek\/","title":{"rendered":"El \u00abRifle\u00bb Varela habl\u00f3 del piropo de Karina Jelinek"},"content":{"rendered":"<h3 style=\"text-align: justify;\"><strong>Luego de que la modelo compartiera con todos sus seguidores de Twitter el fanatismo por el periodista deportivo, \u00e9l dijo qu\u00e9 pensaba al respecto.\u00a0<\/strong><\/h3>\n<p style=\"text-align: justify;\">En declaraciones radiales a @MoskitaMuertaOK por La Once Diez\/Radio de la Ciudad, el Rifle se\u00f1al\u00f3 que le agradeci\u00f3 a la morocha por haber estado mirando el m\u00f3vil de Todo Noticias, luego de que elogi\u00f3 el vestuario del periodista y la manera en que relataba.<\/p>\n<p style=\"text-align: justify;\">\u201cCuando explot\u00f3 todo esto, justo le hice una nota a Mat\u00edas Al\u00e9, que es un conocido m\u00edo, nos llevamos muy bien y me dio unos consejos sobre este tema, me dijo qu\u00e9 hacer\u201d, revel\u00f3.<\/p>\n<p style=\"text-align: justify;\">Asimismo, indic\u00f3 que al principio le pareci\u00f3 raro, y se tuvo que fijar en la cuenta de Twitter si realmente era Jelinek. \u201cNo s\u00e9 si me sigue, yo no la sigo, me divierte mucho\u201d, destac\u00f3.<\/p>\n<p style=\"text-align: justify;\">Sin embargo, descart\u00f3 que vaya a intentar una conquista: \u201cKarina es divina, hermosa, una diosa, una bomba, pero yo tengo otro perfil\u201d, afirm\u00f3.<\/p>\n<p style=\"text-align: justify;\">\u201cQue ella haya dicho que sos \u2018un divino\u2019 arma una bola enorme, ya todos piensan que est\u00e1s de novio\u2026\u201d, cerr\u00f3 el periodista.<\/p>\n","protected":false},"excerpt":{"rendered":"<p>Luego de que la modelo compartiera con todos sus seguidores de Twitter el fanatismo por el periodista deportivo, \u00e9l dijo qu\u00e9 pensaba al respecto.\u00a0 En declaraciones radiales a @MoskitaMuertaOK por La Once Diez\/Radio de la Ciudad, el Rifle se\u00f1al\u00f3 que le agradeci\u00f3 a la morocha por haber estado mirando el m\u00f3vil de Todo Noticias, luego [&hellip;]<\/p>\n","protected":false},"author":9,"featured_media":24997,"comment_status":"closed","ping_status":"closed","sticky":false,"template":"","format":"standard","meta":{"_seopress_robots_primary_cat":"","_seopress_titles_title":"","_seopress_titles_desc":"","_seopress_robots_index":"","footnotes":""},"categories":[4],"tags":[28538,28537],"class_list":{"0":"post-24972","1":"post","2":"type-post","3":"status-publish","4":"format-standard","5":"has-post-thumbnail","7":"category-famosos","8":"tag-karina-jelinek-rifle-varela","9":"tag-piropo-de-karina-jelinek-al-rifle-varela"},"_links":{"self":[{"href":"https:\/\/www.cordobatimes.com\/showup\/wp-json\/wp\/v2\/posts\/24972","targetHints":{"allow":["GET"]}}],"collection":[{"href":"https:\/\/www.cordobatimes.com\/showup\/wp-json\/wp\/v2\/posts"}],"about":[{"href":"https:\/\/www.cordobatimes.com\/showup\/wp-json\/wp\/v2\/types\/post"}],"author":[{"embeddable":true,"href":"https:\/\/www.cordobatimes.com\/showup\/wp-json\/wp\/v2\/users\/9"}],"replies":[{"embeddable":true,"href":"https:\/\/www.cordobatimes.com\/showup\/wp-json\/wp\/v2\/comments?post=24972"}],"version-history":[{"count":0,"href":"https:\/\/www.cordobatimes.com\/showup\/wp-json\/wp\/v2\/posts\/24972\/revisions"}],"wp:featuredmedia":[{"embeddable":true,"href":"https:\/\/www.cordobatimes.com\/showup\/wp-json\/wp\/v2\/media\/24997"}],"wp:attachment":[{"href":"https:\/\/www.cordobatimes.com\/showup\/wp-json\/wp\/v2\/media?parent=24972"}],"wp:term":[{"taxonomy":"category","embeddable":true,"href":"https:\/\/www.cordobatimes.com\/showup\/wp-json\/wp\/v2\/categories?post=24972"},{"taxonomy":"post_tag","embeddable":true,"href":"https:\/\/www.cordobatimes.com\/showup\/wp-json\/wp\/v2\/tags?post=24972"}],"curies":[{"name":"wp","href":"https:\/\/api.w.org\/{rel}","templated":true}]}}